{"id":1718,"date":"2020-06-14T16:10:05","date_gmt":"2020-06-14T21:10:05","guid":{"rendered":"https:\/\/omarlengerke.com.co\/sitio\/?p=1718"},"modified":"2022-09-14T16:14:10","modified_gmt":"2022-09-14T21:14:10","slug":"las-travesias-en-la-historia","status":"publish","type":"post","link":"https:\/\/omarlengerke.com.co\/sitio\/las-travesias-en-la-historia\/","title":{"rendered":"LAS TRAVES\u00cdAS EN LA HISTORIA"},"content":{"rendered":"<p style=\"text-align: justify;\">Despertamos cada ma\u00f1ana con la esperanza de volver a los mejores tiempos, tal vez para disfrutar momentos que no valoramos en el pasado. Las costumbres han cambiado, el cuidado como fundamento moral sigue predominando en nuestro diario vivir y este debe ser priorizado con el fin de cumplir con la humanidad en todo lo que anhelamos y so\u00f1amos.<\/p>\n<p style=\"text-align: justify;\">Son tiempos para autoevaluarnos y de replantear nuestros proyectos de vida, sin olvidar que lo que vivimos cada d\u00eda son historias, son hechos de ese libro que vamos escribiendo y hojas con separadores especiales de tiempos excepcionales como los actuales que trascender\u00e1n en un cap\u00edtulo particular de esta traves\u00eda.<\/p>\n<p style=\"text-align: justify;\">Estos tiempos de reflexi\u00f3n, cuando varios autores han escrito sobre pestes, hambrunas y guerras, nos permiten evidenciar que esas historias se repiten. Nuestro mundo ha logrado superar varias pestes: espa\u00f1ola, negra, viruela, \u00e9bola, entre otras, que tuvieron origen y evolucionaron por errores humanos y que tuvieron que ser resueltos por el mismo hombre.<\/p>\n<p style=\"text-align: justify;\">Somos nosotros los responsables de cada acto en nuestras vidas y si no aprendemos de estos desaciertos, la naturaleza se encargar\u00e1 de mostrarnos y justificar lo sucedido. Hoy podemos pensar que lo sucedido es un cap\u00edtulo similar a esas mismas tragedias, que por culpa de un virus, tambi\u00e9n se est\u00e1n aislando millones de personas, muchas de ellas con otras enfermedades que no debemos olvidar porque, incluso, tampoco las hemos podido controlar y contin\u00faan afectando a nuestra sociedad como el hambre o el sobrepeso, el c\u00e1ncer, el estr\u00e9s y la ansiedad, entre otros males.<\/p>\n<p style=\"text-align: justify;\">Tal vez estos tiempos hacen que nuestras reflexiones se enfilen para preguntarnos \u00bfestamos haciendo lo correcto para que nuestras pr\u00f3ximas generaciones vivan en un mundo mejor? Esta pregunta debe ser prioridad para estudiar y dise\u00f1ar nuevas pol\u00edticas mundiales que protejan lo m\u00e1s valioso que tenemos: la vida y nuestra naturaleza. Sin embargo, es hora de aprender en medio de este caos que nos ha obligado a reconstruir y transformar nuestro h\u00e1bitat para definir cu\u00e1l ser\u00e1 nuestro futuro.<\/p>\n<p style=\"text-align: justify;\">En estos tiempos de traves\u00eda el ser humano puede aumentar sus niveles de ansiedad, por eso es importante cuidar la salud mental para no ocasionar traumas que puedan afectar nuestras relaciones familiares, e incluso laborales, y es por esto que quiero expresar a toda la comunidad Ute\u00edsta que, si bien es cierto que desde el inicio el camino ha sido dif\u00edcil y nos ha tra\u00eddo obst\u00e1culos en la mitad, ahora debemos pensar en el maravilloso encuentro que vendr\u00e1 al final.<\/p>\n<p style=\"text-align: justify;\">Ante esta situaci\u00f3n, cada uno de los que hacemos parte de esta familia Ute\u00edsta necesitamos dar ejemplo para inspirar, influir y crear cambios positivos ante las adversidades. Cada uno es energ\u00eda de s\u00ed mismo y es responsable de crear las mejores condiciones en estos tiempos de traves\u00edas y ansiedades para que podamos brindar un mejor bienestar a todas las personas que conviven en nuestro entorno.<\/p>\n<p style=\"text-align: justify;\">\nPronosticar el futuro nunca ser\u00e1 f\u00e1cil y la din\u00e1mica de nuestras vidas y la naturaleza hace que sea m\u00e1s dif\u00edcil. La historia nos ha ense\u00f1ado m\u00faltiples traves\u00edas desde los sectores econ\u00f3micos, pol\u00edticos y sociales, sin embargo, las estructuras de la mente han permanecido iguales en los seres humanos, solo con revisar libros de historia es suficiente para ver lo que reflejan los pensamientos, sentimientos y hechos que a\u00fan se est\u00e1n viviendo, y por eso debemos moldear esas esperanzas que deseamos alcanzar.<\/p>\n<p style=\"text-align: justify;\">\nNo podemos confundir que, por estar buscando salud, felicidad y bienestar, de manera gradual, estemos perdiendo valores y principios fundamentales como seres humanos. Hoy necesitamos ser valientes y no volvernos v\u00edctimas de injusticias creadas por nuestra mente, es imposible construir \u00e9xito sobre excusas y debemos pensar con certeza que cada d\u00eda que despertemos nos vamos a sentir m\u00e1s vivos y el futuro ser\u00e1 m\u00e1s radiante que nunca.<\/p>\n<p style=\"text-align: justify;\"><strong>Por<\/strong>: Prof. Dr. Sc. Omar Lengerke P\u00e9rez<\/p>\n<p style=\"text-align: justify;\"><!--more--><\/p>\n","protected":false},"excerpt":{"rendered":"<p>Despertamos cada ma\u00f1ana con la esperanza de volver a los mejores tiempos, tal vez para disfrutar momentos que no valoramos en el pasado. Las costumbres han cambiado, el cuidado como fundamento moral sigue predominando en nuestro diario vivir y este debe ser priorizado con el fin de cumplir con la humanidad [&hellip;]<\/p>\n","protected":false},"author":1,"featured_media":1720,"comment_status":"closed","ping_status":"closed","sticky":false,"template":"","format":"image","meta":{"om_disable_all_campaigns":false,"_monsterinsights_skip_tracking":false,"_monsterinsights_sitenote_active":false,"_monsterinsights_sitenote_note":"","_monsterinsights_sitenote_category":0,"footnotes":""},"categories":[2],"tags":[],"class_list":["post-1718","post","type-post","status-publish","format-image","has-post-thumbnail","hentry","category-educacion","post_format-post-format-image"],"aioseo_notices":[],"_links":{"self":[{"href":"https:\/\/omarlengerke.com.co\/sitio\/wp-json\/wp\/v2\/posts\/1718","targetHints":{"allow":["GET"]}}],"collection":[{"href":"https:\/\/omarlengerke.com.co\/sitio\/wp-json\/wp\/v2\/posts"}],"about":[{"href":"https:\/\/omarlengerke.com.co\/sitio\/wp-json\/wp\/v2\/types\/post"}],"author":[{"embeddable":true,"href":"https:\/\/omarlengerke.com.co\/sitio\/wp-json\/wp\/v2\/users\/1"}],"replies":[{"embeddable":true,"href":"https:\/\/omarlengerke.com.co\/sitio\/wp-json\/wp\/v2\/comments?post=1718"}],"version-history":[{"count":2,"href":"https:\/\/omarlengerke.com.co\/sitio\/wp-json\/wp\/v2\/posts\/1718\/revisions"}],"predecessor-version":[{"id":1721,"href":"https:\/\/omarlengerke.com.co\/sitio\/wp-json\/wp\/v2\/posts\/1718\/revisions\/1721"}],"wp:featuredmedia":[{"embeddable":true,"href":"https:\/\/omarlengerke.com.co\/sitio\/wp-json\/wp\/v2\/media\/1720"}],"wp:attachment":[{"href":"https:\/\/omarlengerke.com.co\/sitio\/wp-json\/wp\/v2\/media?parent=1718"}],"wp:term":[{"taxonomy":"category","embeddable":true,"href":"https:\/\/omarlengerke.com.co\/sitio\/wp-json\/wp\/v2\/categories?post=1718"},{"taxonomy":"post_tag","embeddable":true,"href":"https:\/\/omarlengerke.com.co\/sitio\/wp-json\/wp\/v2\/tags?post=1718"}],"curies":[{"name":"wp","href":"https:\/\/api.w.org\/{rel}","templated":true}]}}