{"id":1725,"date":"2020-08-14T16:18:54","date_gmt":"2020-08-14T21:18:54","guid":{"rendered":"https:\/\/omarlengerke.com.co\/sitio\/?p=1725"},"modified":"2022-09-14T16:22:44","modified_gmt":"2022-09-14T21:22:44","slug":"navegando-en-tiempos-adversos-y-oportunidades-de-innovacion","status":"publish","type":"post","link":"https:\/\/omarlengerke.com.co\/sitio\/navegando-en-tiempos-adversos-y-oportunidades-de-innovacion\/","title":{"rendered":"NAVEGANDO EN TIEMPOS ADVERSOS Y OPORTUNIDADES DE INNOVACI\u00d3N"},"content":{"rendered":"<p style=\"text-align: justify;\">Para navegar y llegar a un puerto en medio de las tormentas se necesita principalmente un mapa, una br\u00fajula y un tim\u00f3n. Ante la presente situaci\u00f3n tenemos una gran responsabilidad que nos obliga a ser proactivos, es decir, orientar nuestra actitud hacia el cambio para convertir la incertidumbre en confianza y para ello es necesario detenernos, recordar y transformar el \u201cmundo de la vida\u201d en cuanto a los actos culturales, sociales e individuales como lo dec\u00eda el fil\u00f3sofo alem\u00e1n Edmund Husserl.<\/p>\n<p style=\"text-align: justify;\">No obstante, para lograr el cambio es importante identificar las causas, sin embargo, en este momento de emergencia sanitaria existe una gran preocupaci\u00f3n y es que a\u00fan no sabemos a ciencia cierta, cu\u00e1l es el origen de la pandemia.<\/p>\n<p style=\"text-align: justify;\">Esto es desalentador porque se pone en duda la honestidad de los gobiernos, aparecen teor\u00edas sobre conspiraci\u00f3n y se revela la lucha de poderes de quienes ostentan su capacidad econ\u00f3mica. Es cierto, que el mundo no nos est\u00e1 horrorizando por casualidad sino por causalidad.<\/p>\n<p style=\"text-align: justify;\">Este es el momento de buscar la cooperaci\u00f3n entre las naciones para desarrollar una soluci\u00f3n que enfrente la pandemia con ayuda de la ciencia y la tecnolog\u00eda, esta ser\u00e1 la \u00fanica esperanza que nos permitir\u00e1 tener el \u00e1nimo y la tranquilidad para retomar nuestras actividades con normalidad, no de manera igual, sino con m\u00e1s fortaleza y consciencia sobre lo vulnerables que somos y para valorar m\u00e1s nuestra vida y la de los seres que nos rodean.<\/p>\n<p style=\"text-align: justify;\">Estas inferencias no son otra cosa que un an\u00e1lisis sobre los dilemas actuales y una invitaci\u00f3n a transformar el futuro. Como lo expresa en su libro Homo Deus, el profesor y escritor israel\u00ed, Yuval Noah Harari, \u201cLos historiadores estudian el pasado, no con la finalidad de repetirlo, sino con la de liberarnos del mismo\u201d y por ello, estamos invitados a enfrentar cambios en los paradigmas desde diversos sectores.<\/p>\n<p style=\"text-align: justify;\">Es as\u00ed como nos encontramos ante una evidente oportunidad para aquellos creativos e innovadores rebeldes que durante a\u00f1os han cre\u00eddo en un mundo mejor, gracias a que convirtieron sus ideas visionarias en realidades disruptivas y lograron, junto con un equipo de trabajo, consolidarlas y materializarlas en grandes soluciones para la humanidad y en oportunidades de negocios.<\/p>\n<p style=\"text-align: justify;\">Algunos de estos innovadores, que han sido ejemplo para la humanidad por sus creaciones en especial en el \u00e1rea tecnol\u00f3gica con desarrollos que hoy hacen parte m\u00e1s que nunca de nuestras vidas, son: Ada de Lovelace, Charles Babbage, Vannevar Bush, Alang Turing, Howard Aiken, John Mauchly, John Atanasoff, J. Presper Eckert, Jean Jennings, Grace Hopper, Betty Snyder, John Von Newman, John Bardeen, William Shocley, Walter Brattain, Robert Noyce, Nolas Bushnell, Doug Engelbart, Alan Kay, Jack Kilby, Paul Allen, Bill Gates, Steve Wozniak, Steve Jobs, entre otros.<\/p>\n<p style=\"text-align: justify;\">As\u00ed como ellos, todos debemos buscar esa oportunidad con dedicaci\u00f3n y esfuerzo para cumplir no solo con nuestros sue\u00f1os, tambi\u00e9n con el deber de servir a los dem\u00e1s. Por eso se hace necesario revisar cu\u00e1les son esos proyectos que han sido el resultado de horas de estudio que se convertir\u00e1n en un saber que estar\u00e1 al servicio de la transformaci\u00f3n y el progreso de la sociedad.<\/p>\n<p style=\"text-align: justify;\">Este sin duda ha sido el prop\u00f3sito de nuestros estudiantes de las UTS durante los \u00faltimos a\u00f1os, y de la misma manera, esperamos que de la mano de sus docentes sigan transitando por esa senda con una elevada dosis de humildad, rigor, disciplina y paciencia, actitud que bien expresa el poeta portugu\u00e9s Fernando Pessoa en el verso \u201c\u00bfPiedras en el camino? yo las recojo, las guardo y un d\u00eda voy a construir un castillo\u201d.<\/p>\n<p style=\"text-align: justify;\">Los estudiantes ute\u00edstas hoy est\u00e1n llamados a seguir adelante, porque a pesar de las circunstancias, el futuro no se detiene. Ellos ser\u00e1n los pr\u00f3ximos innovadores obstinados por impulsar sus ideas, esa ser\u00e1 su gran responsabilidad, y con el conocimiento y las herramientas que han adquirido en esta Instituci\u00f3n, sin duda conseguir\u00e1n volar muy alto para llegar hasta donde solo los mejores y los m\u00e1s competitivos logran alcanzar el \u00e9xito.<\/p>\n<p style=\"text-align: justify;\">\u201cAprovecha, dicen que la universidad es la etapa m\u00e1s bonita en la vida\u201d, muy seguramente muchos de ustedes han escuchado esta frase, y tienen la raz\u00f3n los que la pronuncian, porque hoy junto a mi familia, colegas, docentes y estudiantes, puedo decir que, como resultado de esa bella \u00e9poca, muchos hemos logrado cumplir nuestros sue\u00f1os m\u00e1s anhelados y nos ha permitido llegar a los puertos deseados y servir a esta instituci\u00f3n que tambi\u00e9n ha sido nuestro hogar llamado las Unidades Tecnol\u00f3gicas de Santander.<\/p>\n<p>Con afecto,<\/p>\n<p>Prof. Dr. Sc. Omar Lengerke P\u00e9rez<\/p>\n","protected":false},"excerpt":{"rendered":"<p>Para navegar y llegar a un puerto en medio de las tormentas se necesita principalmente un mapa, una br\u00fajula y un tim\u00f3n. Ante la presente situaci\u00f3n tenemos una gran responsabilidad que nos obliga a ser proactivos, es decir, orientar nuestra actitud hacia el cambio para convertir la incertidumbre en confianza y [&hellip;]<\/p>\n","protected":false},"author":1,"featured_media":1727,"comment_status":"closed","ping_status":"closed","sticky":false,"template":"","format":"image","meta":{"om_disable_all_campaigns":false,"_monsterinsights_skip_tracking":false,"_monsterinsights_sitenote_active":false,"_monsterinsights_sitenote_note":"","_monsterinsights_sitenote_category":0,"footnotes":""},"categories":[2],"tags":[],"class_list":["post-1725","post","type-post","status-publish","format-image","has-post-thumbnail","hentry","category-educacion","post_format-post-format-image"],"aioseo_notices":[],"_links":{"self":[{"href":"https:\/\/omarlengerke.com.co\/sitio\/wp-json\/wp\/v2\/posts\/1725","targetHints":{"allow":["GET"]}}],"collection":[{"href":"https:\/\/omarlengerke.com.co\/sitio\/wp-json\/wp\/v2\/posts"}],"about":[{"href":"https:\/\/omarlengerke.com.co\/sitio\/wp-json\/wp\/v2\/types\/post"}],"author":[{"embeddable":true,"href":"https:\/\/omarlengerke.com.co\/sitio\/wp-json\/wp\/v2\/users\/1"}],"replies":[{"embeddable":true,"href":"https:\/\/omarlengerke.com.co\/sitio\/wp-json\/wp\/v2\/comments?post=1725"}],"version-history":[{"count":2,"href":"https:\/\/omarlengerke.com.co\/sitio\/wp-json\/wp\/v2\/posts\/1725\/revisions"}],"predecessor-version":[{"id":1728,"href":"https:\/\/omarlengerke.com.co\/sitio\/wp-json\/wp\/v2\/posts\/1725\/revisions\/1728"}],"wp:featuredmedia":[{"embeddable":true,"href":"https:\/\/omarlengerke.com.co\/sitio\/wp-json\/wp\/v2\/media\/1727"}],"wp:attachment":[{"href":"https:\/\/omarlengerke.com.co\/sitio\/wp-json\/wp\/v2\/media?parent=1725"}],"wp:term":[{"taxonomy":"category","embeddable":true,"href":"https:\/\/omarlengerke.com.co\/sitio\/wp-json\/wp\/v2\/categories?post=1725"},{"taxonomy":"post_tag","embeddable":true,"href":"https:\/\/omarlengerke.com.co\/sitio\/wp-json\/wp\/v2\/tags?post=1725"}],"curies":[{"name":"wp","href":"https:\/\/api.w.org\/{rel}","templated":true}]}}