{"id":1737,"date":"2020-11-22T16:30:04","date_gmt":"2020-11-22T21:30:04","guid":{"rendered":"https:\/\/omarlengerke.com.co\/sitio\/?p=1737"},"modified":"2022-09-14T16:32:38","modified_gmt":"2022-09-14T21:32:38","slug":"generacion-e-educacion-con-equidad","status":"publish","type":"post","link":"https:\/\/omarlengerke.com.co\/sitio\/generacion-e-educacion-con-equidad\/","title":{"rendered":"GENERACI\u00d3N E: EDUCACI\u00d3N CON EQUIDAD"},"content":{"rendered":"<p style=\"text-align: justify;\">Todos los d\u00edas despertamos con sue\u00f1os que van desde proyectos y visiones de lo que ser\u00e1 nuestro futuro y sobre lo que esperamos llegar a ser en los pr\u00f3ximos a\u00f1os. En distintas bibliograf\u00edas se referencia que estamos \u201csobreviviendo\u201d a la \u00e9poca geol\u00f3gica llamada Antropoceno, relacionada con el hombre nuevo o reciente y que est\u00e1 ligada al cambio de nuestro planeta tierra a ritmos acelerados por la intervenci\u00f3n humana y que se extiende por varias generaciones que evolucionan en varios aspectos culturales, sociales, ambientales, econ\u00f3micos, entre otros.<\/p>\n<p style=\"text-align: justify;\">Esas generaciones, formadas a partir de valores y principios de supervivencia, son fundamentales en un mundo que cada vez demanda m\u00e1s la b\u00fasqueda de soluciones no solo para enfrentar crisis como la que estamos viviendo, sino tambi\u00e9n para desarrollar nuevas investigaciones que las prevengan y propendan por una mejor calidad de vida de los seres vivos. En ese sentido, nuestros futuros profesionales deben adquirir cualidades proactivas, competencias y habilidades sociales que les permitan ser l\u00edderes innovadores.<\/p>\n<p style=\"text-align: justify;\">\u00a0Este es el perfil de los profesionales de nuestra Instituci\u00f3n, aquellos que se identifican con la Generaci\u00f3n E, los que saben lo que quieren de manera clara pasando por encima de obst\u00e1culos o limitaciones y por eso son Exitosos, porque ellos, adem\u00e1s de ser proactivos asumen retos y logran alcanzar sus metas. De igual manera, alcanzar\u00e1n la Excelencia gracias a que ser\u00e1n altamente calificados y sensatos al Entender que est\u00e1n lejos de ser perfectos, pero bajo la premisa de que ser\u00e1n cada vez mejores en lo que hacen y les apasiona.<\/p>\n<p style=\"text-align: justify;\">Tambi\u00e9n son Enfocados, porque no se distraen, al contrario, conocen muy bien sus metas y las de sus organizaciones y las cumplen; por eso, dedican tiempo a desarrollar su talento para construir lo que quieren. Otra de sus caracter\u00edsticas es el Esfuerzo que hacen para lograr hacer bien su trabajo, por eso han sido competitivos y esto sin duda los ubica en los mejores niveles porque tambi\u00e9n son Efectivos, optimizan los recursos y alcanzan los resultados con Eficacia y Eficiencia. Esto tambi\u00e9n es producto de su Empoderamiento y pertenencia por su organizaci\u00f3n.<\/p>\n<p style=\"text-align: justify;\">Estos profesionales del futuro tienen Expectativas, no dejan de so\u00f1ar, son resilientes, su mente siempre se orienta hacia la b\u00fasqueda del cambio y rompen con los paradigmas; y finalmente se caracterizan por ser Emocionales porque complementan sus habilidades con una actitud positiva que se refleja en la pasi\u00f3n por lo que hacen, son agradecidos, comprometidos por comprender la realidad y buscar soluciones para aportar al Equilibrio Ecol\u00f3gico y el desarrollo social sostenible.<\/p>\n<p style=\"text-align: justify;\">Esta es nuestra Generaci\u00f3n E, la que educamos con el apoyo econ\u00f3mico del Gobierno Nacional y el Gobierno Departamental; la generaci\u00f3n de tecn\u00f3logos y universitarios ute\u00edstas con un sentido \u00c9tico, pensamiento cr\u00edtico y actitud Emprendedora que contribuir\u00e1n con el progreso cient\u00edfico, cultural y social del pa\u00eds. Esta es y ser\u00e1 la misi\u00f3n en las Unidades Tecnol\u00f3gicas de Santander: formar de manera integral a nuestros j\u00f3venes para lograr un pa\u00eds con Equidad.<\/p>\n<p style=\"text-align: justify;\">Con afecto,<\/p>\n<p style=\"text-align: justify;\">Prof. Dr.Sc. Omar Lengerke P\u00e9rez<\/p>\n","protected":false},"excerpt":{"rendered":"<p>Todos los d\u00edas despertamos con sue\u00f1os que van desde proyectos y visiones de lo que ser\u00e1 nuestro futuro y sobre lo que esperamos llegar a ser en los pr\u00f3ximos a\u00f1os. En distintas bibliograf\u00edas se referencia que estamos \u201csobreviviendo\u201d a la \u00e9poca geol\u00f3gica llamada Antropoceno, relacionada con el hombre nuevo o reciente [&hellip;]<\/p>\n","protected":false},"author":1,"featured_media":1739,"comment_status":"closed","ping_status":"closed","sticky":false,"template":"","format":"image","meta":{"om_disable_all_campaigns":false,"_monsterinsights_skip_tracking":false,"_monsterinsights_sitenote_active":false,"_monsterinsights_sitenote_note":"","_monsterinsights_sitenote_category":0,"footnotes":""},"categories":[2],"tags":[],"class_list":["post-1737","post","type-post","status-publish","format-image","has-post-thumbnail","hentry","category-educacion","post_format-post-format-image"],"aioseo_notices":[],"_links":{"self":[{"href":"https:\/\/omarlengerke.com.co\/sitio\/wp-json\/wp\/v2\/posts\/1737","targetHints":{"allow":["GET"]}}],"collection":[{"href":"https:\/\/omarlengerke.com.co\/sitio\/wp-json\/wp\/v2\/posts"}],"about":[{"href":"https:\/\/omarlengerke.com.co\/sitio\/wp-json\/wp\/v2\/types\/post"}],"author":[{"embeddable":true,"href":"https:\/\/omarlengerke.com.co\/sitio\/wp-json\/wp\/v2\/users\/1"}],"replies":[{"embeddable":true,"href":"https:\/\/omarlengerke.com.co\/sitio\/wp-json\/wp\/v2\/comments?post=1737"}],"version-history":[{"count":1,"href":"https:\/\/omarlengerke.com.co\/sitio\/wp-json\/wp\/v2\/posts\/1737\/revisions"}],"predecessor-version":[{"id":1738,"href":"https:\/\/omarlengerke.com.co\/sitio\/wp-json\/wp\/v2\/posts\/1737\/revisions\/1738"}],"wp:featuredmedia":[{"embeddable":true,"href":"https:\/\/omarlengerke.com.co\/sitio\/wp-json\/wp\/v2\/media\/1739"}],"wp:attachment":[{"href":"https:\/\/omarlengerke.com.co\/sitio\/wp-json\/wp\/v2\/media?parent=1737"}],"wp:term":[{"taxonomy":"category","embeddable":true,"href":"https:\/\/omarlengerke.com.co\/sitio\/wp-json\/wp\/v2\/categories?post=1737"},{"taxonomy":"post_tag","embeddable":true,"href":"https:\/\/omarlengerke.com.co\/sitio\/wp-json\/wp\/v2\/tags?post=1737"}],"curies":[{"name":"wp","href":"https:\/\/api.w.org\/{rel}","templated":true}]}}