{"id":1740,"date":"2021-03-16T16:33:27","date_gmt":"2021-03-16T21:33:27","guid":{"rendered":"https:\/\/omarlengerke.com.co\/sitio\/?p=1740"},"modified":"2022-09-14T16:36:13","modified_gmt":"2022-09-14T21:36:13","slug":"las-uts-nuestra-institucion-prometida-y-comprometida","status":"publish","type":"post","link":"https:\/\/omarlengerke.com.co\/sitio\/las-uts-nuestra-institucion-prometida-y-comprometida\/","title":{"rendered":"LAS UTS: NUESTRA INSTITUCI\u00d3N PROMETIDA Y COMPROMETIDA"},"content":{"rendered":"<p style=\"text-align: justify;\">Iniciamos un nuevo a\u00f1o y un semestre acad\u00e9mico muy importante con muchas ilusiones, sue\u00f1os y tambi\u00e9n con ansiedades, atravesando por una educaci\u00f3n que en los \u00faltimos 11 meses se ha transformado en m\u00faltiples escenarios, desde las metodolog\u00edas hasta las t\u00e9cnicas, incluyendo las herramientas pedag\u00f3gicas.<\/p>\n<p style=\"text-align: justify;\">Es as\u00ed, como en las UTS hemos logrado consolidar un proceso educativo institucional debido al compromiso de toda nuestra comunidad acad\u00e9mica inspirada y motivada por la convicci\u00f3n que nos permite creer que en las Unidades Tecnol\u00f3gicas de Santander \u00a1lo hacemos posible!<\/p>\n<p style=\"text-align: justify;\">Es importante reconocer en nuestra comunidad su perseverancia para cumplir las metas que hoy nos permiten dar la bienvenida a m\u00e1s de 4.500 estudiantes nuevos que se unieron para ser parte de los 20.139 matriculados en el semestre. Todos ellos son ejemplo de la tenacidad, \u00edmpetu y perseverancia de nuestros ute\u00edstas.<\/p>\n<p style=\"text-align: justify;\">Nuestra comunidad acad\u00e9mica cada d\u00eda crece y acepta que las oportunidades de la vida son ef\u00edmeras. En ese sentido es importante ser conscientes que somos nosotros los forjadores de la historia de nuestra vida, eso sin duda es un acto que repercute en la transformaci\u00f3n de nuestra Instituci\u00f3n prometida y comprometida.<\/p>\n<p style=\"text-align: justify;\">No somos mezquinos ante los obst\u00e1culos o grandes olas por donde muchas personas navegan. Es por esto que, para enfrentar los retos, debemos ser agradecidos y mirar con empat\u00eda lo que hoy estamos aportando para conseguir una sociedad cada vez m\u00e1s equilibrada, o como algunos dicen, m\u00e1s equitativa.<\/p>\n<p style=\"text-align: justify;\">En nuestra instituci\u00f3n entendemos que nunca ser\u00e1 suficiente lo que hagamos, sin embargo, lo importante es seguir intent\u00e1ndolo. Tal vez muchas personas se han quedado atr\u00e1s en estos tiempos tan dif\u00edciles, algunos por las consecuencias que ha ocasionado la pandemia y que por paroxismo se han ido agotando.<\/p>\n<p style=\"text-align: justify;\">Es el momento de empezar a tener el control y cuando las cosas vuelvan a su curso ordinario, debemos reflexionar a que no se pretenda llegar a un estado igual y tan poco deseable como el que est\u00e1bamos viviendo, como lo describe el ingl\u00e9s Daniel Defoe en el Diario del A\u00f1o de la Peste, novela que relata los hechos ocurridos en 1664 en \u00e9poca de la epidemia en Londres.<\/p>\n<p style=\"text-align: justify;\">En estos tiempos quiz\u00e1 nos hemos sentido abatidos, pero hoy nos motiva que muchos estudiantes, profesores y funcionarios de nuestra Instituci\u00f3n nos comprometen a seguir cimentando y a dar forma a un gran s\u00edmbolo de esperanza que se llama Unidades Tecnol\u00f3gicas de Santander: Verdad, Ciencia y Libertad.<\/p>\n<p>Por: Prof. Dr.Sc. Omar Lengerke P\u00e9rez<\/p>\n","protected":false},"excerpt":{"rendered":"<p>Iniciamos un nuevo a\u00f1o y un semestre acad\u00e9mico muy importante con muchas ilusiones, sue\u00f1os y tambi\u00e9n con ansiedades, atravesando por una educaci\u00f3n que en los \u00faltimos 11 meses se ha transformado en m\u00faltiples escenarios, desde las metodolog\u00edas hasta las t\u00e9cnicas, incluyendo las herramientas pedag\u00f3gicas. Es as\u00ed, como en las UTS hemos [&hellip;]<\/p>\n","protected":false},"author":1,"featured_media":1741,"comment_status":"closed","ping_status":"closed","sticky":false,"template":"","format":"image","meta":{"om_disable_all_campaigns":false,"_monsterinsights_skip_tracking":false,"_monsterinsights_sitenote_active":false,"_monsterinsights_sitenote_note":"","_monsterinsights_sitenote_category":0,"footnotes":""},"categories":[2],"tags":[],"class_list":["post-1740","post","type-post","status-publish","format-image","has-post-thumbnail","hentry","category-educacion","post_format-post-format-image"],"aioseo_notices":[],"_links":{"self":[{"href":"https:\/\/omarlengerke.com.co\/sitio\/wp-json\/wp\/v2\/posts\/1740","targetHints":{"allow":["GET"]}}],"collection":[{"href":"https:\/\/omarlengerke.com.co\/sitio\/wp-json\/wp\/v2\/posts"}],"about":[{"href":"https:\/\/omarlengerke.com.co\/sitio\/wp-json\/wp\/v2\/types\/post"}],"author":[{"embeddable":true,"href":"https:\/\/omarlengerke.com.co\/sitio\/wp-json\/wp\/v2\/users\/1"}],"replies":[{"embeddable":true,"href":"https:\/\/omarlengerke.com.co\/sitio\/wp-json\/wp\/v2\/comments?post=1740"}],"version-history":[{"count":1,"href":"https:\/\/omarlengerke.com.co\/sitio\/wp-json\/wp\/v2\/posts\/1740\/revisions"}],"predecessor-version":[{"id":1742,"href":"https:\/\/omarlengerke.com.co\/sitio\/wp-json\/wp\/v2\/posts\/1740\/revisions\/1742"}],"wp:featuredmedia":[{"embeddable":true,"href":"https:\/\/omarlengerke.com.co\/sitio\/wp-json\/wp\/v2\/media\/1741"}],"wp:attachment":[{"href":"https:\/\/omarlengerke.com.co\/sitio\/wp-json\/wp\/v2\/media?parent=1740"}],"wp:term":[{"taxonomy":"category","embeddable":true,"href":"https:\/\/omarlengerke.com.co\/sitio\/wp-json\/wp\/v2\/categories?post=1740"},{"taxonomy":"post_tag","embeddable":true,"href":"https:\/\/omarlengerke.com.co\/sitio\/wp-json\/wp\/v2\/tags?post=1740"}],"curies":[{"name":"wp","href":"https:\/\/api.w.org\/{rel}","templated":true}]}}