{"id":1758,"date":"2021-10-20T16:52:16","date_gmt":"2021-10-20T21:52:16","guid":{"rendered":"https:\/\/omarlengerke.com.co\/sitio\/?p=1758"},"modified":"2022-09-14T16:55:10","modified_gmt":"2022-09-14T21:55:10","slug":"educacion-solidaria","status":"publish","type":"post","link":"https:\/\/omarlengerke.com.co\/sitio\/educacion-solidaria\/","title":{"rendered":"EDUCACI\u00d3N SOLIDARIA"},"content":{"rendered":"<p style=\"text-align: justify;\">Quienes hemos tenido la oportunidad de estudiar ve\u00edamos a nuestros padres apilando sue\u00f1os y proyectos y uno de ellos abrigaba la esperanza de vernos estudiando. El simple hecho de imaginarlo les produc\u00eda una sonrisa y era motivo para darnos palabras de motivaci\u00f3n, porque ellos tambi\u00e9n quer\u00edan abrazar ese anhelo y a su juicio la educaci\u00f3n era lo m\u00e1s valioso que nos pod\u00edan entregar.<\/p>\n<p style=\"text-align: justify;\">Estudiar es una opci\u00f3n y una oportunidad en la vida, y solo los que mejor se preparen podr\u00e1n ser competitivos en una sociedad que cada vez es m\u00e1s exigente, porque se requieren m\u00e1s profesionales innovadores, investigadores y que generen nuevos conocimientos para enfrentar los desaf\u00edos que la humanidad experimenta de manera diaria, un ejemplo es la crisis econ\u00f3mica y social que vivimos producto de la pandemia.<\/p>\n<p style=\"text-align: justify;\">Podemos afirmar que la pandemia nos ense\u00f1\u00f3 el lado oscuro de las cosas y nos llev\u00f3 al l\u00edmite, sin embargo, muchos encontramos en la resiliencia una oportunidad para enfrentar como sociedad esta guerra que nos ha entregado muchas ense\u00f1anzas y por esa raz\u00f3n no podemos desfallecer, as\u00ed creamos que nuestra fragilidad estaba olvidada y la precariedad estaba oculta.<\/p>\n<p style=\"text-align: justify;\">El estudio no es una opci\u00f3n es un derecho fundamental y debe estar orientado hacia el bien com\u00fan, entonces surge la pregunta \u00bfqu\u00e9 estamos haciendo con ese conocimiento? Carl Sagan afirmaba que \u201csaber mucho no es lo mismo que ser inteligente. La inteligencia no es solo informaci\u00f3n tambi\u00e9n es juicio para manejarla\u201d, es por eso que la formaci\u00f3n siempre debe ser inculcada de adentro hacia afuera, observando el contexto.<\/p>\n<p style=\"text-align: justify;\">Por eso, como profesionales debemos trabajar en comunidad para lograr un crecimiento de la econom\u00eda, de las necesidades esenciales como los servicios p\u00fablicos, la salud, la educaci\u00f3n, las energ\u00edas verdes, la agricultura tradicional y agroecol\u00f3gica, la construcci\u00f3n de vivienda, entre otras condiciones que permitan la revitalizaci\u00f3n de los pueblos y la transformaci\u00f3n social de sus habitantes.<\/p>\n<p style=\"text-align: justify;\">Aspectos como la generosidad y la compasi\u00f3n son muy importantes dentro del orden mundial. Como lo describe Edgar Mor\u00edn en su libro Cambiemos de V\u00eda, las nuevas v\u00edas deben estar enfocadas en una nueva pol\u00edtico-ecol\u00f3gica-econ\u00f3mica-social y orientadas a trav\u00e9s de: una pol\u00edtica de la naci\u00f3n, una pol\u00edtica de la civilizaci\u00f3n, una pol\u00edtica de la humanidad, una pol\u00edtica de la tierra y un humanismo regenerado.<\/p>\n<p style=\"text-align: justify;\">En ese sentido debemos buscar alternativas que nos permitan, a trav\u00e9s de nuestra labor como profesionales, aportar a la soluci\u00f3n de las necesidades que vive la humanidad y disminuir las brechas que nos dividen, m\u00e1s a\u00fan cuando vemos que los resultados del \u00cdndice de Movilidad Social del Foro Econ\u00f3mico Mundial en 2020 no son alentadores porque ubican a Colombia en el puesto 65 de 82 evaluados.<\/p>\n<p style=\"text-align: justify;\">Al respecto, la revista Forbes se\u00f1ala en su art\u00edculo \u201cMovilidad social, una materia pendiente\u201d, que en Colombia una familia pobre debe trabajar durante 12 generaciones para subir su condici\u00f3n socioecon\u00f3mica, seg\u00fan el c\u00e1lculo de la Organizaci\u00f3n para la Cooperaci\u00f3n y el Desarrollo Econ\u00f3micos (OCDE) en 2018, casi tres veces el tiempo promedio que necesitan los dem\u00e1s pa\u00edses de la organizaci\u00f3n.<\/p>\n<p style=\"text-align: justify;\">Adem\u00e1s, la publicaci\u00f3n se\u00f1ala que en Colombia se deben crear nuevas pol\u00edticas que permitan mejorar los tres \u00edndices de movilidad social global que establece el Foro Econ\u00f3mico Mundial, estos son: acceso a la educaci\u00f3n, equidad y calidad y aprendizaje a lo largo de la vida, factores que sin duda repercuten en el desarrollo y crecimiento de nuestro pa\u00eds desde lo pol\u00edtico, econ\u00f3mico y social.<\/p>\n<p style=\"text-align: justify;\">En las Unidades Tecnol\u00f3gicas de Santander el principio de igualdad es nuestra raz\u00f3n para que cada vez nuestra instituci\u00f3n abrigue a m\u00e1s j\u00f3venes en situaci\u00f3n de vulnerabilidad, v\u00edctimas del conflicto armado, con alg\u00fan tipo de discapacidad, de distintas etnias, migrantes, desplazados, comunidad LGTBIQ+, entre otras poblaciones que encuentran en las UTS la oportunidad de recibir formaci\u00f3n integral de alta calidad.<\/p>\n<p style=\"text-align: justify;\">Es por esto que nos complace saber que hoy, con ayuda del Gobierno Nacional, la Gobernaci\u00f3n de Santander, alcald\u00edas y con recursos propios, hemos logrado que el 97% de nuestros m\u00e1s de 22.000 estudiantes se formen de manera gratuita en nuestra Instituci\u00f3n. Este es un gran paso hacia la movilidad social que necesitamos para que los j\u00f3venes transiten hacia una mejor calidad de vida.<\/p>\n<p>Con aprecio,<\/p>\n<p>Prof. Dr. Sc. OMAR LENGERKE P\u00c9REZ<\/p>\n","protected":false},"excerpt":{"rendered":"<p>Quienes hemos tenido la oportunidad de estudiar ve\u00edamos a nuestros padres apilando sue\u00f1os y proyectos y uno de ellos abrigaba la esperanza de vernos estudiando. El simple hecho de imaginarlo les produc\u00eda una sonrisa y era motivo para darnos palabras de motivaci\u00f3n, porque ellos tambi\u00e9n quer\u00edan abrazar ese anhelo y a [&hellip;]<\/p>\n","protected":false},"author":1,"featured_media":1759,"comment_status":"closed","ping_status":"closed","sticky":false,"template":"","format":"image","meta":{"om_disable_all_campaigns":false,"_monsterinsights_skip_tracking":false,"_monsterinsights_sitenote_active":false,"_monsterinsights_sitenote_note":"","_monsterinsights_sitenote_category":0,"footnotes":""},"categories":[2],"tags":[],"class_list":["post-1758","post","type-post","status-publish","format-image","has-post-thumbnail","hentry","category-educacion","post_format-post-format-image"],"aioseo_notices":[],"_links":{"self":[{"href":"https:\/\/omarlengerke.com.co\/sitio\/wp-json\/wp\/v2\/posts\/1758","targetHints":{"allow":["GET"]}}],"collection":[{"href":"https:\/\/omarlengerke.com.co\/sitio\/wp-json\/wp\/v2\/posts"}],"about":[{"href":"https:\/\/omarlengerke.com.co\/sitio\/wp-json\/wp\/v2\/types\/post"}],"author":[{"embeddable":true,"href":"https:\/\/omarlengerke.com.co\/sitio\/wp-json\/wp\/v2\/users\/1"}],"replies":[{"embeddable":true,"href":"https:\/\/omarlengerke.com.co\/sitio\/wp-json\/wp\/v2\/comments?post=1758"}],"version-history":[{"count":1,"href":"https:\/\/omarlengerke.com.co\/sitio\/wp-json\/wp\/v2\/posts\/1758\/revisions"}],"predecessor-version":[{"id":1760,"href":"https:\/\/omarlengerke.com.co\/sitio\/wp-json\/wp\/v2\/posts\/1758\/revisions\/1760"}],"wp:featuredmedia":[{"embeddable":true,"href":"https:\/\/omarlengerke.com.co\/sitio\/wp-json\/wp\/v2\/media\/1759"}],"wp:attachment":[{"href":"https:\/\/omarlengerke.com.co\/sitio\/wp-json\/wp\/v2\/media?parent=1758"}],"wp:term":[{"taxonomy":"category","embeddable":true,"href":"https:\/\/omarlengerke.com.co\/sitio\/wp-json\/wp\/v2\/categories?post=1758"},{"taxonomy":"post_tag","embeddable":true,"href":"https:\/\/omarlengerke.com.co\/sitio\/wp-json\/wp\/v2\/tags?post=1758"}],"curies":[{"name":"wp","href":"https:\/\/api.w.org\/{rel}","templated":true}]}}