{"id":1761,"date":"2021-11-24T16:55:16","date_gmt":"2021-11-24T21:55:16","guid":{"rendered":"https:\/\/omarlengerke.com.co\/sitio\/?p=1761"},"modified":"2022-09-14T16:58:39","modified_gmt":"2022-09-14T21:58:39","slug":"el-merito-de-los-justos","status":"publish","type":"post","link":"https:\/\/omarlengerke.com.co\/sitio\/el-merito-de-los-justos\/","title":{"rendered":"EL M\u00c9RITO DE LOS JUSTOS"},"content":{"rendered":"<p style=\"text-align: justify;\">Desde hace dos a\u00f1os llevamos una vida at\u00edpica, enfrentando situaciones dif\u00edciles que nos llevaron a cambiar nuestras formas de ser de manera radical como producto de la emergencia sanitaria, que nos invadi\u00f3 en alg\u00fan momento de incertidumbre y miedo; sensaciones que provocaron un impulso en nosotros para demostrar que somos seres resilientes y que podemos vencer los obst\u00e1culos.<\/p>\n<p style=\"text-align: justify;\">Entendimos que somos fr\u00e1giles y que estamos en una sociedad que no es perfecta y que por el contrario tiene dificultades que merecen soluciones. Por esa raz\u00f3n tambi\u00e9n aprendimos el verdadero valor del amor, y logramos obtener nuevos conocimientos gracias a la educaci\u00f3n, la ciencia, la tecnolog\u00eda y la innovaci\u00f3n, porque estamos seguros que a trav\u00e9s de la meritocracia podemos construir un mundo mejor.<\/p>\n<p style=\"text-align: justify;\">\u00a0En este sentido, afirma Michael J. Sandel, autor de La Tiran\u00eda del M\u00e9rito, el problema no solo es que no podamos estar a la altura del principio meritocr\u00e1tico, porque este tambi\u00e9n tiene fallas y su lado oscuro est\u00e1 en que puede corroer el bien com\u00fan. Adem\u00e1s, conduce a la arrogancia entre los ganadores y los humillados que, seg\u00fan los primeros, se consideran como perdedores porque no est\u00e1n en igualdad de condiciones.<\/p>\n<p style=\"text-align: justify;\">Tambi\u00e9n Sandel hace \u00e9nfasis en lo que reflejan las posiciones sociales y c\u00f3mo el sistema premia el talento y el trabajo, anima a los ganadores a considerar que su \u00e9xito ha sido obra suya como un indicador de su virtud, y a mirar con condescendencia a quienes no han sido tan afortunados como ellos, porque no todos tienen las mismas oportunidades para sobresalir en una sociedad en donde prevalece la desigualdad.<\/p>\n<p style=\"text-align: justify;\">Asimismo, el profesor Michael J. Sandel, en su cr\u00edtica presenta la petulante convicci\u00f3n de los de arriba, quienes dicen \u201cmerecer el destino que les ha tocado en suerte y que los de abajo tambi\u00e9n obtengan lo suyo\u201d, sin duda, esta actitud es el complemento moral de la pol\u00edtica tecnocr\u00e1tica. Por esa raz\u00f3n, cuando se tiene presente el car\u00e1cter contingente de nuestra situaci\u00f3n en la vida se genera una cierta \u201chumildad\u201d.<\/p>\n<p style=\"text-align: justify;\">Por su parte, Martin Luther King, defensor de los derechos de los ciudadanos, expone un lado m\u00e1s humano, al vincular la dignidad de los recogedores de basura con la contribuci\u00f3n que ellos le brindan al bien com\u00fan, tanto, como la de los m\u00e9dicos, que por su labor social tambi\u00e9n evitan la propagaci\u00f3n de enfermedades por diferentes medios. Esto significa que todos los trabajos dignifican al hombre y favorecen el equilibrio en el ecosistema de la vida.<\/p>\n<p style=\"text-align: justify;\">Es por esto que no podemos seguir generando divisiones en una sociedad, que se requiere de unidad y humildad; es necesario dejar atr\u00e1s la estratificaci\u00f3n que genera inequidad. La meritocracia debe hacerse efectiva y contribuir al bien com\u00fan, con cambios no solo en el desarrollo econ\u00f3mico de un pa\u00eds, tambi\u00e9n en el aspecto humano desde lo moral y espiritual, esa ser\u00e1 la \u00fanica manera de alcanzar la transformaci\u00f3n y la movilidad social.<\/p>\n<p style=\"text-align: justify;\">De esta manera, mi invitaci\u00f3n a toda la comunidad ute\u00edsta es para que valoremos la transformaci\u00f3n que estamos viviendo en nuestra instituci\u00f3n y analicemos si todo lo que hacemos guarda l\u00f3gica con lo que creemos que nos merecemos. Esperamos tener buenas notas, un trabajo digno bien remunerado, una vida c\u00f3moda y tranquila \u00bfpero a qu\u00e9 precio? El de asumir una vida sin soberbia y egolatr\u00eda, sino con empat\u00eda y generosidad.<\/p>\n<p>Con aprecio,<\/p>\n<p>Prof. Dr. Sc. OMAR LENGERKE P\u00c9REZ<\/p>\n","protected":false},"excerpt":{"rendered":"<p>Desde hace dos a\u00f1os llevamos una vida at\u00edpica, enfrentando situaciones dif\u00edciles que nos llevaron a cambiar nuestras formas de ser de manera radical como producto de la emergencia sanitaria, que nos invadi\u00f3 en alg\u00fan momento de incertidumbre y miedo; sensaciones que provocaron un impulso en nosotros para demostrar que somos seres [&hellip;]<\/p>\n","protected":false},"author":1,"featured_media":1763,"comment_status":"closed","ping_status":"closed","sticky":false,"template":"","format":"image","meta":{"om_disable_all_campaigns":false,"_monsterinsights_skip_tracking":false,"_monsterinsights_sitenote_active":false,"_monsterinsights_sitenote_note":"","_monsterinsights_sitenote_category":0,"footnotes":""},"categories":[2],"tags":[],"class_list":["post-1761","post","type-post","status-publish","format-image","has-post-thumbnail","hentry","category-educacion","post_format-post-format-image"],"aioseo_notices":[],"_links":{"self":[{"href":"https:\/\/omarlengerke.com.co\/sitio\/wp-json\/wp\/v2\/posts\/1761","targetHints":{"allow":["GET"]}}],"collection":[{"href":"https:\/\/omarlengerke.com.co\/sitio\/wp-json\/wp\/v2\/posts"}],"about":[{"href":"https:\/\/omarlengerke.com.co\/sitio\/wp-json\/wp\/v2\/types\/post"}],"author":[{"embeddable":true,"href":"https:\/\/omarlengerke.com.co\/sitio\/wp-json\/wp\/v2\/users\/1"}],"replies":[{"embeddable":true,"href":"https:\/\/omarlengerke.com.co\/sitio\/wp-json\/wp\/v2\/comments?post=1761"}],"version-history":[{"count":1,"href":"https:\/\/omarlengerke.com.co\/sitio\/wp-json\/wp\/v2\/posts\/1761\/revisions"}],"predecessor-version":[{"id":1762,"href":"https:\/\/omarlengerke.com.co\/sitio\/wp-json\/wp\/v2\/posts\/1761\/revisions\/1762"}],"wp:featuredmedia":[{"embeddable":true,"href":"https:\/\/omarlengerke.com.co\/sitio\/wp-json\/wp\/v2\/media\/1763"}],"wp:attachment":[{"href":"https:\/\/omarlengerke.com.co\/sitio\/wp-json\/wp\/v2\/media?parent=1761"}],"wp:term":[{"taxonomy":"category","embeddable":true,"href":"https:\/\/omarlengerke.com.co\/sitio\/wp-json\/wp\/v2\/categories?post=1761"},{"taxonomy":"post_tag","embeddable":true,"href":"https:\/\/omarlengerke.com.co\/sitio\/wp-json\/wp\/v2\/tags?post=1761"}],"curies":[{"name":"wp","href":"https:\/\/api.w.org\/{rel}","templated":true}]}}