{"id":1767,"date":"2022-05-17T17:27:02","date_gmt":"2022-05-17T22:27:02","guid":{"rendered":"https:\/\/omarlengerke.com.co\/sitio\/?p=1767"},"modified":"2022-09-14T17:29:21","modified_gmt":"2022-09-14T22:29:21","slug":"la-compresion-humana-y-el-sueno-uteista","status":"publish","type":"post","link":"https:\/\/omarlengerke.com.co\/sitio\/la-compresion-humana-y-el-sueno-uteista\/","title":{"rendered":"LA COMPRESI\u00d3N HUMANA Y EL SUE\u00d1O UTE\u00cdSTA"},"content":{"rendered":"<p>Lo dijo Mohammed bin Rashid Al Maktoum, primer ministro de los Emiratos \u00c1rabes Unidos, en su libro Mi Historia, \u201cTrabaja con sinceridad y pronto Dios y los fieles observar\u00e1n tus esfuerzos\u201d. Con esta frase inicio una amplia reflexi\u00f3n sobre la compresi\u00f3n humana, una cualidad que sale a relucir en tiempos de crisis y revela nuestro verdadero car\u00e1cter.<\/p>\n<p>Nos encontramos en un mundo cada vez m\u00e1s complejo que nos advierte nuevos desaf\u00edos, que demandan una reflexi\u00f3n sobre las decisiones que tomamos todos los d\u00edas para vivir y convivir de forma sostenible y ayudar a construir una mejor sociedad. Esto nos dice las Naciones Unidades y por eso debemos ser m\u00e1s sensatos sobre lo que estamos haciendo con la naturaleza.<\/p>\n<p>En una frase, Rodolfo Llin\u00e1s menciona que gran parte del problema est\u00e1 en la forma como se est\u00e1 educando a los j\u00f3venes desde la ni\u00f1ez, al afirmar que \u201cla escuela ense\u00f1a la ubicaci\u00f3n de los r\u00edos y jam\u00e1s explica la importancia del agua. Somos un ba\u00fal completo de contenidos, pero vac\u00edo de contexto y de ah\u00ed la dificultad para aplicar el conocimiento a la realidad\u201d.<\/p>\n<p>En otras palabras, es muy importante ense\u00f1ar a los j\u00f3venes a comprender y tener consciencia de la realidad y c\u00f3mo se puede identificar en ella, para desarrollar a trav\u00e9s del conocimiento, alternativas creativas e innovadoras que le permitan enfrentar desaf\u00edos, resolver problemas y transformar las condiciones humanas desde distintos contextos de su naturaleza.<\/p>\n<p>Al respecto el fil\u00f3sofo y soci\u00f3logo franc\u00e9s Edgar Morin considera que existe una \u201cmisi\u00f3n espiritual de la educaci\u00f3n\u201d, en la que argumenta que \u201ceducar para comprender cualquier disciplina es una cosa, y para la compresi\u00f3n humana es otra\u201d y agrega que es necesario \u201cense\u00f1ar la compresi\u00f3n entre las personas como condici\u00f3n y garant\u00eda de la solidaridad intelectual y moral de la humanidad\u201d.<\/p>\n<p>Bajo esta premisa, podr\u00edamos vivir de forma sostenible y ayudar a construir una mejor sociedad para todos. Pero, para eso hay que fijarse en c\u00f3mo vivimos y comprender las repercusiones que tienen nuestras decisiones en el mundo de la vida en un entorno que experimenta cambios de manera diaria, por eso debemos comprender el impacto que podr\u00e1 generar cada decisi\u00f3n que tomemos.<\/p>\n<p>Decisiones que se materializan a partir de los sue\u00f1os que todos tenemos y como lo dijo Robin Sharma &#8220;para liberar el potencial de tu mente, cuerpo y alma, primero debes expandir tu imaginaci\u00f3n. Las cosas siempre son creadas dos veces: primero en el taller de la mente y luego en la realidad&#8221;. Con este razonamiento estamos haciendo que las cosas sean posibles en las UTS.<\/p>\n<p>De all\u00ed que, como est\u00e1 establecido en el PEI de nuestra instituci\u00f3n, la comprensi\u00f3n en la formaci\u00f3n de nuestros estudiantes es fundamental en la estrategia de aprendizaje junto a otros elementos como la observaci\u00f3n, el an\u00e1lisis, la interpretaci\u00f3n y la valoraci\u00f3n de la realidad inmediata y global, un prop\u00f3sito que requiere de una pr\u00e1ctica pedag\u00f3gica humana.<\/p>\n<p>En las UTS creemos en la compresi\u00f3n como una oportunidad para que nuestros estudiantes entiendan cu\u00e1l es el verdadero sentido de la formaci\u00f3n que reciben, potenciando el desarrollo de sus habilidades y el pensamiento para elaborar argumentos y dise\u00f1ar acciones que contribuyan con el mejoramiento de la calidad de vida individual y colectiva. As\u00ed estamos humanizando la educaci\u00f3n.<\/p>\n<p>Con afecto,<\/p>\n<p>Dr. Sc. Omar Lengerke P\u00e9rez Rector<\/p>\n","protected":false},"excerpt":{"rendered":"<p>Lo dijo Mohammed bin Rashid Al Maktoum, primer ministro de los Emiratos \u00c1rabes Unidos, en su libro Mi Historia, \u201cTrabaja con sinceridad y pronto Dios y los fieles observar\u00e1n tus esfuerzos\u201d. Con esta frase inicio una amplia reflexi\u00f3n sobre la compresi\u00f3n humana, una cualidad que sale a relucir en tiempos de [&hellip;]<\/p>\n","protected":false},"author":1,"featured_media":1768,"comment_status":"closed","ping_status":"closed","sticky":false,"template":"","format":"image","meta":{"om_disable_all_campaigns":false,"_monsterinsights_skip_tracking":false,"_monsterinsights_sitenote_active":false,"_monsterinsights_sitenote_note":"","_monsterinsights_sitenote_category":0,"footnotes":""},"categories":[2],"tags":[],"class_list":["post-1767","post","type-post","status-publish","format-image","has-post-thumbnail","hentry","category-educacion","post_format-post-format-image"],"aioseo_notices":[],"_links":{"self":[{"href":"https:\/\/omarlengerke.com.co\/sitio\/wp-json\/wp\/v2\/posts\/1767","targetHints":{"allow":["GET"]}}],"collection":[{"href":"https:\/\/omarlengerke.com.co\/sitio\/wp-json\/wp\/v2\/posts"}],"about":[{"href":"https:\/\/omarlengerke.com.co\/sitio\/wp-json\/wp\/v2\/types\/post"}],"author":[{"embeddable":true,"href":"https:\/\/omarlengerke.com.co\/sitio\/wp-json\/wp\/v2\/users\/1"}],"replies":[{"embeddable":true,"href":"https:\/\/omarlengerke.com.co\/sitio\/wp-json\/wp\/v2\/comments?post=1767"}],"version-history":[{"count":1,"href":"https:\/\/omarlengerke.com.co\/sitio\/wp-json\/wp\/v2\/posts\/1767\/revisions"}],"predecessor-version":[{"id":1769,"href":"https:\/\/omarlengerke.com.co\/sitio\/wp-json\/wp\/v2\/posts\/1767\/revisions\/1769"}],"wp:featuredmedia":[{"embeddable":true,"href":"https:\/\/omarlengerke.com.co\/sitio\/wp-json\/wp\/v2\/media\/1768"}],"wp:attachment":[{"href":"https:\/\/omarlengerke.com.co\/sitio\/wp-json\/wp\/v2\/media?parent=1767"}],"wp:term":[{"taxonomy":"category","embeddable":true,"href":"https:\/\/omarlengerke.com.co\/sitio\/wp-json\/wp\/v2\/categories?post=1767"},{"taxonomy":"post_tag","embeddable":true,"href":"https:\/\/omarlengerke.com.co\/sitio\/wp-json\/wp\/v2\/tags?post=1767"}],"curies":[{"name":"wp","href":"https:\/\/api.w.org\/{rel}","templated":true}]}}