{"id":1770,"date":"2022-06-21T17:29:48","date_gmt":"2022-06-21T22:29:48","guid":{"rendered":"https:\/\/omarlengerke.com.co\/sitio\/?p=1770"},"modified":"2022-09-14T17:32:32","modified_gmt":"2022-09-14T22:32:32","slug":"en-las-uts-lo-hacemos-posible","status":"publish","type":"post","link":"https:\/\/omarlengerke.com.co\/sitio\/en-las-uts-lo-hacemos-posible\/","title":{"rendered":"EN LAS UTS \u00a1LO HACEMOS POSIBLE!"},"content":{"rendered":"<p style=\"text-align: justify;\">Es extraordinario ver la manera como hemos crecido. Hasta hace siete a\u00f1os nuestra familia ute\u00edsta contaba con equipos tecnol\u00f3gicos obsoletos e infraestructura f\u00edsica arcaica que no ofrec\u00eda las condiciones adecuadas, para brindar procesos de formaci\u00f3n pertinentes a una instituci\u00f3n de educaci\u00f3n superior.<\/p>\n<p style=\"text-align: justify;\">El desaf\u00edo no era f\u00e1cil, sin embargo, cre\u00edmos que se pod\u00eda construir un nuevo proyecto institucional y fue as\u00ed, con una nueva visi\u00f3n, que las UTS lograron transformarse y crecieron a tal punto que hoy sus m\u00e1s de 22.000 estudiantes, reciben clases en sus propias instalaciones en Bucaramanga y no en aulas de colegios aleda\u00f1os como otrora.<\/p>\n<p style=\"text-align: justify;\">En este momento, somos la instituci\u00f3n de educaci\u00f3n superior con m\u00e1s estudiantes en Santander, porque conf\u00edan en la UTS para cumplir el sue\u00f1o de ser profesionales. Por esa raz\u00f3n, nuestra instituci\u00f3n orienta todos sus esfuerzos hacia la inversi\u00f3n en tecnolog\u00eda y construcci\u00f3n de ambientes para la ense\u00f1anza y el aprendizaje en los actuales y nuevos programas acad\u00e9micos como Ingenier\u00eda en Energ\u00edas y pronto esperamos que est\u00e9n aprobados Ingenier\u00eda Civil e Ingenier\u00eda Agroforestal.<\/p>\n<p style=\"text-align: justify;\">As\u00ed, hoy despu\u00e9s de siete a\u00f1os, las UTS cuentan con cuatro nuevos edificios en el Campus Bucaramanga, que incluyen m\u00e1s de 200 aulas de clase, laboratorios y equipos con tecnolog\u00eda avanzada para investigaci\u00f3n, \u00e1reas de bienestar institucional, entre otras, que se suman a la modernizaci\u00f3n de todos los espacios del edificio C y a la construcci\u00f3n de las nuevas sedes en los campus de Barrancabermeja, Piedecuesta y V\u00e9lez.<\/p>\n<p style=\"text-align: justify;\">As\u00ed es nuestra visi\u00f3n, por eso las Unidades Tecnol\u00f3gicas de Santander crecen, y no solo en su infraestructura, tambi\u00e9n en cifras que demuestran porqu\u00e9 son la mejor instituci\u00f3n de educaci\u00f3n tecnol\u00f3gica del pa\u00eds, gracias a sus resultados en proyectos y programas que impulsan la investigaci\u00f3n y la trasformaci\u00f3n social.<\/p>\n<p style=\"text-align: justify;\">Algunos de estos logros ubican a las UTS como la cuarta del pa\u00eds y la primera en Santander en indicadores de desarrollo tecnol\u00f3gico e innovaci\u00f3n seg\u00fan el DTI-Sapiens. Asimismo, el Ministerio de Educaci\u00f3n nos destaca como ejemplo de buenas pr\u00e1cticas en innovaci\u00f3n educativa y transformaci\u00f3n digital.<\/p>\n<p style=\"text-align: justify;\">Tambi\u00e9n es un orgullo el inicio de la Acreditaci\u00f3n en Alta Calidad de nuestros programas por parte del Ministerio de Educaci\u00f3n y el Consejo Nacional de Acreditaci\u00f3n, as\u00ed como el m\u00e1s reciente resultado que ubica a las UTS como la mejor instituci\u00f3n tecnol\u00f3gica del pa\u00eds en las pruebas Saber TyT 2021, ex\u00e1menes del ICFES que evidencian la calidad acad\u00e9mica de nuestros estudiantes.<\/p>\n<p style=\"text-align: justify;\">Estamos haciendo historia, son 58 a\u00f1os de experiencia formando y transformando el futuro de Santander. Crecemos con calidad y con gratuidad, brindamos nuevas oportunidades a los hijos de esta regi\u00f3n y a sus familias, por eso el 97% de nuestros 22.068 j\u00f3venes recibieron beca para el pago completo de su matr\u00edcula.<\/p>\n<p style=\"text-align: justify;\">Me siento muy feliz de ser parte de la familia Ute\u00edsta, de estar rodeado de colaboradores creativos, apasionados e inspiradores que han cre\u00eddo en un proyecto de vida institucional que hoy, despu\u00e9s de 7 a\u00f1os, podemos decir con verdadero orgullo que en las Unidades Tecnol\u00f3gicas de Santander \u00a1Lo hacemos posible!<\/p>\n<p>\u00a0Con afecto,<\/p>\n<p>Prof. Dr. Sc. Omar Lengerke P\u00e9rez<\/p>\n","protected":false},"excerpt":{"rendered":"<p>Es extraordinario ver la manera como hemos crecido. Hasta hace siete a\u00f1os nuestra familia ute\u00edsta contaba con equipos tecnol\u00f3gicos obsoletos e infraestructura f\u00edsica arcaica que no ofrec\u00eda las condiciones adecuadas, para brindar procesos de formaci\u00f3n pertinentes a una instituci\u00f3n de educaci\u00f3n superior. El desaf\u00edo no era f\u00e1cil, sin embargo, cre\u00edmos que [&hellip;]<\/p>\n","protected":false},"author":1,"featured_media":1771,"comment_status":"closed","ping_status":"closed","sticky":false,"template":"","format":"image","meta":{"om_disable_all_campaigns":false,"_monsterinsights_skip_tracking":false,"_monsterinsights_sitenote_active":false,"_monsterinsights_sitenote_note":"","_monsterinsights_sitenote_category":0,"footnotes":""},"categories":[2],"tags":[],"class_list":["post-1770","post","type-post","status-publish","format-image","has-post-thumbnail","hentry","category-educacion","post_format-post-format-image"],"aioseo_notices":[],"_links":{"self":[{"href":"https:\/\/omarlengerke.com.co\/sitio\/wp-json\/wp\/v2\/posts\/1770","targetHints":{"allow":["GET"]}}],"collection":[{"href":"https:\/\/omarlengerke.com.co\/sitio\/wp-json\/wp\/v2\/posts"}],"about":[{"href":"https:\/\/omarlengerke.com.co\/sitio\/wp-json\/wp\/v2\/types\/post"}],"author":[{"embeddable":true,"href":"https:\/\/omarlengerke.com.co\/sitio\/wp-json\/wp\/v2\/users\/1"}],"replies":[{"embeddable":true,"href":"https:\/\/omarlengerke.com.co\/sitio\/wp-json\/wp\/v2\/comments?post=1770"}],"version-history":[{"count":1,"href":"https:\/\/omarlengerke.com.co\/sitio\/wp-json\/wp\/v2\/posts\/1770\/revisions"}],"predecessor-version":[{"id":1772,"href":"https:\/\/omarlengerke.com.co\/sitio\/wp-json\/wp\/v2\/posts\/1770\/revisions\/1772"}],"wp:featuredmedia":[{"embeddable":true,"href":"https:\/\/omarlengerke.com.co\/sitio\/wp-json\/wp\/v2\/media\/1771"}],"wp:attachment":[{"href":"https:\/\/omarlengerke.com.co\/sitio\/wp-json\/wp\/v2\/media?parent=1770"}],"wp:term":[{"taxonomy":"category","embeddable":true,"href":"https:\/\/omarlengerke.com.co\/sitio\/wp-json\/wp\/v2\/categories?post=1770"},{"taxonomy":"post_tag","embeddable":true,"href":"https:\/\/omarlengerke.com.co\/sitio\/wp-json\/wp\/v2\/tags?post=1770"}],"curies":[{"name":"wp","href":"https:\/\/api.w.org\/{rel}","templated":true}]}}