{"id":1773,"date":"2022-07-14T17:32:54","date_gmt":"2022-07-14T22:32:54","guid":{"rendered":"https:\/\/omarlengerke.com.co\/sitio\/?p=1773"},"modified":"2022-09-14T17:35:10","modified_gmt":"2022-09-14T22:35:10","slug":"el-1","status":"publish","type":"post","link":"https:\/\/omarlengerke.com.co\/sitio\/el-1\/","title":{"rendered":"EL 1%"},"content":{"rendered":"<p style=\"text-align: justify;\">Pudimos evidenciar en los \u00faltimos tiempos la divisi\u00f3n, el odio, la polarizaci\u00f3n, como la llaman algunos, y la crisis de fe en las instituciones colombianas. Es oportuno trabajar de manera conjunta para curar esas heridas que se han ocasionado, porque la falta de confianza en nuestra sociedad ha sido un impedimento fundamental para la aprobaci\u00f3n de planes que buscan el desarrollo de las instituciones y el pa\u00eds.<\/p>\n<p style=\"text-align: justify;\">No obstante, encuentro en medio de esta desesperanza que solo es posible reconstruir la confianza y la credibilidad de la sociedad, si desarrollamos procesos justos, pensando en el servicio y la equidad del ser humano, siempre y cuando haya prelaci\u00f3n en el principio del inter\u00e9s general sobre el particular, como condici\u00f3n para que exista un Estado democr\u00e1tico, social y de derecho.<\/p>\n<p style=\"text-align: justify;\">\u00a0Es la hora para que los j\u00f3venes avancen y el momento para que gu\u00eden sus ideas de manera responsable pensando siempre en el otro, es decir, en funci\u00f3n de servir a los dem\u00e1s. Esta generaci\u00f3n debe, m\u00e1s que cualquier otra, responder a las siguientes preguntas por el momento en que vivimos \u00bfqui\u00e9nes somos nosotros?, \u00bfen qu\u00e9 nos apoyamos?, \u00bfen qu\u00e9 creemos? y \u00bfqui\u00e9nes seremos?<\/p>\n<p style=\"text-align: justify;\">Los j\u00f3venes deben hacer la diferencia, ustedes est\u00e1n en la obligaci\u00f3n de ayudar a que nuestro pa\u00eds crezca enfrentando los grandes desaf\u00edos que vivimos. Como dice el Profesor Jos\u00e9 Eben en su libro \u2018Los Albores y el futuro de la humanidad\u2019, \u201cen cualquier \u00e9poca de la historia en que nos detengamos, encontraremos que nunca han estado todos los pueblos al mismo nivel de cultura, asimismo nos lleva a imaginar, c\u00f3mo ser\u00eda el hombre del siglo mil (a\u00f1o 100.000)\u201d.<\/p>\n<p style=\"text-align: justify;\">Hoy existe un mensaje que espero recuerden, no es hora de quedarnos al margen, a la orilla, necesitamos que todos nos involucremos en cada uno de los procesos de nuestra sociedad, de la vida nacional y del mundo. Debemos pensar en una econom\u00eda que incluya un ecosistema de innovaci\u00f3n, que permita conseguir el bienestar y la libertad de cada uno de los que hacemos parte de esta humanidad.<\/p>\n<p style=\"text-align: justify;\">Tenemos esperanza en esta generaci\u00f3n, por eso se debe caracterizar en: ser la m\u00e1s generosa, tolerante, educada y le\u00edda de toda la historia de nuestro pa\u00eds. De esta manera podremos mantener la fe y traerla de regreso con una funci\u00f3n espec\u00edfica en este mundo, crear una armon\u00eda aplicable a reacciones y cambios, producto de las contingencias del medio ambiente.<\/p>\n<p style=\"text-align: justify;\">Hoy la inequidad es superior a la de cualquier \u00e9poca de la historia, el mundo es de pocas oportunidades para los ciudadanos, entre otras cosas, por una mala distribuci\u00f3n de la riqueza, como lo escribe el profesor y premio Nobel de Econom\u00eda en 2001 Joseph Stiglitz en su libro \u2018Capitalismo progresista: la respuesta a la era del malestar\u2019, vivimos en una \u201cdemocracia del 1%, por el 1% y para el 1%\u201d.<\/p>\n<p style=\"text-align: justify;\">Hemos olvidado que la verdadera riqueza de una naci\u00f3n est\u00e1 en la creaci\u00f3n, en la creatividad y productividad de la gente que constituye un estado y en las interacciones entre sus habitantes, en un mundo complejo debido a su diversidad que reclama equidad. Por eso se hace evidente que reconozcamos las diferencias entre la riqueza de las naciones y la de los individuos.<\/p>\n<p style=\"text-align: justify;\">\u00a0En las UTS fomentamos cada vez m\u00e1s la investigaci\u00f3n para abrir espacios a ideas e inversiones en infraestructura, tecnolog\u00eda y ciencia. All\u00ed es donde est\u00e1 la verdadera fuente de riqueza de nuestra instituci\u00f3n y, por ende, la clave para aumentar nuestra productividad, y el cambio de vida de nuestra comunidad, en el conocimiento, el aprendizaje y el desarrollo de la ciencia y la tecnolog\u00eda.<\/p>\n<p style=\"text-align: justify;\">As\u00ed es como entendemos que en el centro de nuestra instituci\u00f3n est\u00e1n el conocimiento y la innovaci\u00f3n, a partir de una investigaci\u00f3n b\u00e1sica que, sin duda, debe ser un bien que nos beneficie a todos para contribuir, desde la academia, con el desarrollo de nuestras comunidades orientada hacia el objetivo de alcanzar la so\u00f1ada sociedad del conocimiento, con equidad y en un Estado democr\u00e1tico.<\/p>\n<p>Con afecto,<\/p>\n<p>Prof. Dr. Sc. Omar Lengerke P\u00e9rez<\/p>\n","protected":false},"excerpt":{"rendered":"<p>Pudimos evidenciar en los \u00faltimos tiempos la divisi\u00f3n, el odio, la polarizaci\u00f3n, como la llaman algunos, y la crisis de fe en las instituciones colombianas. Es oportuno trabajar de manera conjunta para curar esas heridas que se han ocasionado, porque la falta de confianza en nuestra sociedad ha sido un impedimento [&hellip;]<\/p>\n","protected":false},"author":1,"featured_media":1774,"comment_status":"closed","ping_status":"closed","sticky":false,"template":"","format":"image","meta":{"om_disable_all_campaigns":false,"_monsterinsights_skip_tracking":false,"_monsterinsights_sitenote_active":false,"_monsterinsights_sitenote_note":"","_monsterinsights_sitenote_category":0,"footnotes":""},"categories":[2],"tags":[],"class_list":["post-1773","post","type-post","status-publish","format-image","has-post-thumbnail","hentry","category-educacion","post_format-post-format-image"],"aioseo_notices":[],"_links":{"self":[{"href":"https:\/\/omarlengerke.com.co\/sitio\/wp-json\/wp\/v2\/posts\/1773","targetHints":{"allow":["GET"]}}],"collection":[{"href":"https:\/\/omarlengerke.com.co\/sitio\/wp-json\/wp\/v2\/posts"}],"about":[{"href":"https:\/\/omarlengerke.com.co\/sitio\/wp-json\/wp\/v2\/types\/post"}],"author":[{"embeddable":true,"href":"https:\/\/omarlengerke.com.co\/sitio\/wp-json\/wp\/v2\/users\/1"}],"replies":[{"embeddable":true,"href":"https:\/\/omarlengerke.com.co\/sitio\/wp-json\/wp\/v2\/comments?post=1773"}],"version-history":[{"count":1,"href":"https:\/\/omarlengerke.com.co\/sitio\/wp-json\/wp\/v2\/posts\/1773\/revisions"}],"predecessor-version":[{"id":1775,"href":"https:\/\/omarlengerke.com.co\/sitio\/wp-json\/wp\/v2\/posts\/1773\/revisions\/1775"}],"wp:featuredmedia":[{"embeddable":true,"href":"https:\/\/omarlengerke.com.co\/sitio\/wp-json\/wp\/v2\/media\/1774"}],"wp:attachment":[{"href":"https:\/\/omarlengerke.com.co\/sitio\/wp-json\/wp\/v2\/media?parent=1773"}],"wp:term":[{"taxonomy":"category","embeddable":true,"href":"https:\/\/omarlengerke.com.co\/sitio\/wp-json\/wp\/v2\/categories?post=1773"},{"taxonomy":"post_tag","embeddable":true,"href":"https:\/\/omarlengerke.com.co\/sitio\/wp-json\/wp\/v2\/tags?post=1773"}],"curies":[{"name":"wp","href":"https:\/\/api.w.org\/{rel}","templated":true}]}}