{"id":1779,"date":"2022-08-22T17:46:51","date_gmt":"2022-08-22T22:46:51","guid":{"rendered":"https:\/\/omarlengerke.com.co\/sitio\/?p=1779"},"modified":"2022-10-14T10:24:15","modified_gmt":"2022-10-14T15:24:15","slug":"fe-en-la-educacion","status":"publish","type":"post","link":"https:\/\/omarlengerke.com.co\/sitio\/fe-en-la-educacion\/","title":{"rendered":"FE EN LA EDUCACI\u00d3N"},"content":{"rendered":"<p>Hoy asistimos al comienzo de un nuevo gobierno, a una \u00e9poca de cambio. Sin embargo, Colombia podr\u00eda seguir estremeci\u00e9ndose ante la posibilidad de que aumente el n\u00famero de j\u00f3venes que ni estudian ni trabajan. Hoy son casi 600 mil, una cifra muy grande que cuestiona el papel de la educaci\u00f3n como mecanismo de inserci\u00f3n econ\u00f3mica y de realizaci\u00f3n personal.<\/p>\n<p>La cultura de los Ni Ni (Ni estudian Ni trabajan), del No Futuro, del lucro f\u00e1cil y de la trampa ha sido una opci\u00f3n que ha venido creciendo en los \u00faltimos a\u00f1os en nuestra sociedad, por lo que much\u00edsimos j\u00f3venes, con grandes talentos, se han extraviado por esos caminos.<\/p>\n<p>Pero igual, o m\u00e1s grave a\u00fan, es ver que esta desesperanza est\u00e1 dando paso a que muchos no vean el momento de abandonar el pa\u00eds para nunca m\u00e1s volver. Se estima que, en los \u00faltimos a\u00f1os, se han ido m\u00e1s de 600 mil j\u00f3venes, de ellos, aproximadamente 30 mil profesionales.<\/p>\n<p>A todos nos debe preocupar que buena parte de nuestros j\u00f3venes no crean en nuestras instituciones, m\u00e1xime cuando atravesamos una crisis socioecon\u00f3mica tras una grave pandemia. Las sociedades se quiebran si no forman con educaci\u00f3n de calidad a sus nuevas generaciones y tambi\u00e9n se quiebran cuando dejan fugar a sus cerebros.<\/p>\n<p>Siempre hemos enfrentado el desaf\u00edo de dirigir las UNIDADES TECNOL\u00d3GICAS DE SANTANDER, UTS, como debe ser y no nos hemos quedado con los brazos cruzados para enfrentar la realidad de nuestra regi\u00f3n. En los pa\u00edses con mayor debilidad institucional la violencia se exacerba. A continuaci\u00f3n, voy a parafrasear al historiador Yuval Noah Harari, quien, en su libro De animales a dioses, se\u00f1ala:<\/p>\n<p>\u201cColombia y Somalia est\u00e1n en el deshonroso lugar de contar con m\u00e1s homicidios en todo el mundo: 9 homicidios al a\u00f1o por cada 100.000 personas. En Europa, el<\/p>\n<p>promedio es de uno al a\u00f1o por cada 100.000 personas\u201d. Tener un pueblo sin educaci\u00f3n nunca ser\u00e1 honroso y absurdo es que justifiquemos ese estado de cosas. \u00a1No hay excusa alguna para no brindarles educaci\u00f3n de alta calidad a nuestros conciudadanos!<\/p>\n<p>celebro los aires de cambio que recorren todo el pa\u00eds. Recibo con inmensa expectativa esos anuncios de que, en el nuevo cuatrienio, se aumentar\u00e1 el presupuesto para la educaci\u00f3n. Cuando asumimos esta administraci\u00f3n, en las Unidades Tecnol\u00f3gicas de Santander hab\u00eda 17 mil estudiantes en nuestras aulas. Gracias a un trabajo riguroso y en equipo con las autoridades locales, departamentales y nacionales, logramos aumentar esa cifra a 22 mil estudiantes, abri\u00e9ndoles nuevos caminos de esperanza a j\u00f3venes vulnerables de los estratos socioecon\u00f3micos bajos, con el programa de gratuidad en la educaci\u00f3n.<\/p>\n<p>Pero nuestra instituci\u00f3n est\u00e1 preparada para mucho m\u00e1s: prospectamos llegar, en un mediano plazo, a 25 mil estudiantes, siempre y cuando contemos con el respaldo del gobierno entrante, liderado por el presidente Gustavo Petro y su ministro de Educaci\u00f3n Alejandro Gaviria.<\/p>\n<p>&nbsp;<\/p>\n<p>Estamos seguros de que el nuevo Gobierno tendr\u00e1 su mirada en Santander. Aqu\u00ed, en las UNIDADES TECNOL\u00d3GICAS DE SANTANDER, gustosamente le contaremos c\u00f3mo hemos construido este modelo de expansi\u00f3n para que se pueda replicar en todo el pa\u00eds y miles de j\u00f3venes puedan realizar el sue\u00f1o de ingresar a la educaci\u00f3n superior y hacer de Colombia un pa\u00eds mucho m\u00e1s productivo.<\/p>\n<p>Detr\u00e1s de este crecimiento cuantitativo y cualitativo hay un trabajo arduo de profesores, investigadores y dirigencia local y regional, que nos ha permitido abrir nuevos programas profesionales, seis de ellos virtuales, pues la virtualidad nos genera esperanza en la medida en que despierta un gran inter\u00e9s por parte de los j\u00f3venes y es una plataforma flexible para transmitir y construir conocimientos.<\/p>\n<p>En las UTS tenemos fe en la educaci\u00f3n; tenemos fe en nuestra Instituci\u00f3n; tenemos fe en Bucaramanga; tenemos fe en Santander y tenemos fe en nuestro pa\u00eds.<\/p>\n<p>&nbsp;<\/p>\n<p style=\"text-align: justify;\">Con afecto,<\/p>\n<p>Prof. Dr. Sc. Omar Lengerke P\u00e9rez<\/p>\n","protected":false},"excerpt":{"rendered":"<p>Hoy asistimos al comienzo de un nuevo gobierno, a una \u00e9poca de cambio. Sin embargo, Colombia podr\u00eda seguir estremeci\u00e9ndose ante la posibilidad de que aumente el n\u00famero de j\u00f3venes que ni estudian ni trabajan. Hoy son casi 600 mil, una cifra muy grande que cuestiona el papel de la educaci\u00f3n como [&hellip;]<\/p>\n","protected":false},"author":1,"featured_media":1780,"comment_status":"closed","ping_status":"closed","sticky":false,"template":"","format":"image","meta":{"om_disable_all_campaigns":false,"_monsterinsights_skip_tracking":false,"_monsterinsights_sitenote_active":false,"_monsterinsights_sitenote_note":"","_monsterinsights_sitenote_category":0,"footnotes":""},"categories":[2],"tags":[],"class_list":["post-1779","post","type-post","status-publish","format-image","has-post-thumbnail","hentry","category-educacion","post_format-post-format-image"],"aioseo_notices":[],"_links":{"self":[{"href":"https:\/\/omarlengerke.com.co\/sitio\/wp-json\/wp\/v2\/posts\/1779","targetHints":{"allow":["GET"]}}],"collection":[{"href":"https:\/\/omarlengerke.com.co\/sitio\/wp-json\/wp\/v2\/posts"}],"about":[{"href":"https:\/\/omarlengerke.com.co\/sitio\/wp-json\/wp\/v2\/types\/post"}],"author":[{"embeddable":true,"href":"https:\/\/omarlengerke.com.co\/sitio\/wp-json\/wp\/v2\/users\/1"}],"replies":[{"embeddable":true,"href":"https:\/\/omarlengerke.com.co\/sitio\/wp-json\/wp\/v2\/comments?post=1779"}],"version-history":[{"count":2,"href":"https:\/\/omarlengerke.com.co\/sitio\/wp-json\/wp\/v2\/posts\/1779\/revisions"}],"predecessor-version":[{"id":2015,"href":"https:\/\/omarlengerke.com.co\/sitio\/wp-json\/wp\/v2\/posts\/1779\/revisions\/2015"}],"wp:featuredmedia":[{"embeddable":true,"href":"https:\/\/omarlengerke.com.co\/sitio\/wp-json\/wp\/v2\/media\/1780"}],"wp:attachment":[{"href":"https:\/\/omarlengerke.com.co\/sitio\/wp-json\/wp\/v2\/media?parent=1779"}],"wp:term":[{"taxonomy":"category","embeddable":true,"href":"https:\/\/omarlengerke.com.co\/sitio\/wp-json\/wp\/v2\/categories?post=1779"},{"taxonomy":"post_tag","embeddable":true,"href":"https:\/\/omarlengerke.com.co\/sitio\/wp-json\/wp\/v2\/tags?post=1779"}],"curies":[{"name":"wp","href":"https:\/\/api.w.org\/{rel}","templated":true}]}}