{"id":2023,"date":"2023-05-22T14:08:51","date_gmt":"2023-05-22T19:08:51","guid":{"rendered":"https:\/\/omarlengerke.com.co\/sitio\/?p=2023"},"modified":"2023-06-26T14:13:34","modified_gmt":"2023-06-26T19:13:34","slug":"cada-vez-mas-humanos","status":"publish","type":"post","link":"https:\/\/omarlengerke.com.co\/sitio\/cada-vez-mas-humanos\/","title":{"rendered":"CADA VEZ M\u00c1S HUMANOS"},"content":{"rendered":"<p style=\"text-align: justify;\">Estas l\u00edneas est\u00e1n dedicadas a exaltar la excelencia del educador; al iniciar escribiendo sobre varios profesionales, sus relaciones con educandos y educadores, se percibe que no importa el siglo, el milenio, su papel es fundamental en la formaci\u00f3n del individuo y, por tanto, de la sociedad.<\/p>\n<p style=\"text-align: justify;\">La historia de la humanidad cuenta con numerosos personajes, desde los grandes pensadores e investigadores, hombres de letras, las artes y la ciencia, hasta padres, madres y jefes de peque\u00f1as comunidades, que se han convertido en educadores importantes en la difusi\u00f3n de conocimientos y culturas.<\/p>\n<p style=\"text-align: justify;\">\u00bfY en su historia? Seguramente cada uno de nosotros puede nombrar a uno o m\u00e1s que marcaron nuestra vida estudiantil, en actitudes profesionales, incluso cuando no se percibe, generan interacciones positivas dentro o fuera del sal\u00f3n de clase. Son personas especiales, cuyas acciones, conocimiento, experiencia, car\u00e1cter o competencia, sirven de modelo o de espejo para el futuro desempe\u00f1o profesional de la mayor\u00eda de sus disc\u00edpulos.<\/p>\n<p style=\"text-align: justify;\">Muchos ni\u00f1os sue\u00f1an con ser educadores en el futuro y la mayor\u00eda de los j\u00f3venes que se vislumbran por ir a una instituci\u00f3n de educaci\u00f3n superior, reconoce la importancia del educador. Para los educadores, queda la seguridad de haber elegido el camino correcto, la necesidad de revisar y repensar constantemente los paradigmas y la responsabilidad de volver a su acci\u00f3n para su carrera, para el estudiante y para la instituci\u00f3n a la que pertenecen. Solo los educadores, que tienen pertenencia con su instituci\u00f3n, contribuyen positivamente al cambio social, para los otros, sigue siendo una opci\u00f3n m\u00e1s de supervivencia y sobrevivencia.<\/p>\n<p style=\"text-align: justify;\">Exalto hoy a los profesores valorados por sus estudiantes, quienes los reconocen como personas cercanas, que se preocupan por su aprendizaje y que buscan sacar de ellos lo mejor; esto con el prop\u00f3sito de formarlos como los mejores seres humanos y profesionales. Los reconocemos como un ejemplo a seguir dentro de sus pares, porque marcan la diferencia y la direcci\u00f3n que consideramos correcta.<\/p>\n<p style=\"text-align: justify;\">Un educador se convierte en la conciencia del estudiante. El valor de educar consiste en orientar al educador respecto a qu\u00e9 es lo que tiene que ofrecer a su educando y saber d\u00f3nde debe insistir, d\u00f3nde est\u00e1n los problemas y d\u00f3nde hay menos conocimiento, en esto radica el concepto de excelencia como la \u201csuperior calidad o bondad que hace digna de singular aprecio y estimaci\u00f3n de una cosa\u201d.<\/p>\n<p style=\"text-align: justify;\">El educador es insustituible, ense\u00f1ando a vivir a las personas con una autoridad que ayuda a crecer e implica un acompa\u00f1amiento, ejerciendo esta funci\u00f3n desde la persona que acad\u00e9micamente tiene que afrontar una clase, articulando cuidadosamente su formaci\u00f3n espec\u00edfica y su experiencia profesional. En cumplimiento a su \u00e9tica, como educador de prop\u00f3sitos educativos con planes y programas de estudios pertinentes, no se educa en abstracto, se educa para intentar mejorar la sociedad y formar personas capaces de vivir en ella. Se debe contar con un liderazgo y compromiso con la instituci\u00f3n de educaci\u00f3n superior, con visi\u00f3n, car\u00e1cter, motivaci\u00f3n y capacidad de organizaci\u00f3n. Hoy el educador debe tener disposici\u00f3n permanente para aprender construir conocimiento colaborativamente, difundir ese conocimiento a trav\u00e9s de secuencias did\u00e1cticas que propugnen por el aprendizaje de sus educandos.<\/p>\n<p style=\"text-align: justify;\">De igual manera, el educador es un mediador entre la comunidad y el conocimiento, para que se convierta en un referente ante sus estudiantes y ante la sociedad de buen ciudadano. La tarea del educador es la verdadera preocupaci\u00f3n por el otro, que es el m\u00e1s alto nivel de moralidad, es por esto que la educaci\u00f3n es uno de los s\u00edmbolos de la preocupaci\u00f3n por los dem\u00e1s. Es importante que el profesor tenga vocaci\u00f3n y gusto por lo que hace, como tambi\u00e9n lo es, el que sea tratado de acuerdo con el esfuerzo y la dificultad de su tarea.<\/p>\n<p style=\"text-align: justify;\">Somos seres incompletos, nacimos sin terminar, y es precisamente este espacio vac\u00edo en la forma de una esfinge que nos cuestiona, lo que permitir\u00e1 la experiencia de la educaci\u00f3n. La educaci\u00f3n no es otra cosa, si no el esfuerzo que los humanos hacemos, estando cerca los unos de los otros, para responder a la misma pregunta: \u00bfc\u00f3mo nos hacemos cada vez m\u00e1s humanos? La tarea de la inmensidad ha llevado a perversas reacciones de cinismos, incredulidad, intentos de desaliento a la trivializaci\u00f3n humana. Se necesitan educadores que investiguen y que a trav\u00e9s de su producci\u00f3n escrita pronuncien su voz y su propio pensamiento. No podemos seguir siendo educadores que repiten un saber for\u00e1neo, escondidos detr\u00e1s de las cuatro paredes de nuestras aulas de clase. Por eso, el presentar ponencias, publicar avances de resultados de investigaci\u00f3n en revistas y escribir libros; permite constituir redes de conocimiento, con lo que se fortalece la comunidad acad\u00e9mica.<\/p>\n<p style=\"text-align: justify;\">La educaci\u00f3n es el m\u00e1s humano de los oficios y su principal tarea, de la cual somos responsables, es la capacidad de despertar, m\u00e1s y m\u00e1s, la humanidad adormecida en cada uno de nosotros, la utop\u00eda a favor del que a\u00fan no ha visto la luz. Somos, hemos sido, y espero que siempre seamos, antes que nada y por encima de todas las cosas, educadores. El \u201cteacher\u201d como me dice el primo David, es un educador. Sigmund Schlomo Freud (1856 \u2013 1939), con la sagacidad que le era propia, da como improbables tres profesiones: gobernante, psicoanalista y educador. As\u00ed se note que la vida de Freud es la primera a desmentirlo, debemos admitir que \u00e9l ten\u00eda alguna raz\u00f3n. Tal vez la educaci\u00f3n no sea apenas una profesi\u00f3n y sea, mucho m\u00e1s que eso, una forma de estar en el mundo, una forma de estar entre nuestros semejantes, una actitud ante la vida.<\/p>\n<p>Prof. Dr. Sc. Omar Lengerke P\u00e9rez<\/p>\n","protected":false},"excerpt":{"rendered":"<p>Estas l\u00edneas est\u00e1n dedicadas a exaltar la excelencia del educador; al iniciar escribiendo sobre varios profesionales, sus relaciones con educandos y educadores, se percibe que no importa el siglo, el milenio, su papel es fundamental en la formaci\u00f3n del individuo y, por tanto, de la sociedad. La historia de la humanidad [&hellip;]<\/p>\n","protected":false},"author":1,"featured_media":2024,"comment_status":"closed","ping_status":"closed","sticky":false,"template":"","format":"image","meta":{"om_disable_all_campaigns":false,"_monsterinsights_skip_tracking":false,"_monsterinsights_sitenote_active":false,"_monsterinsights_sitenote_note":"","_monsterinsights_sitenote_category":0,"footnotes":""},"categories":[2],"tags":[],"class_list":["post-2023","post","type-post","status-publish","format-image","has-post-thumbnail","hentry","category-educacion","post_format-post-format-image"],"aioseo_notices":[],"_links":{"self":[{"href":"https:\/\/omarlengerke.com.co\/sitio\/wp-json\/wp\/v2\/posts\/2023","targetHints":{"allow":["GET"]}}],"collection":[{"href":"https:\/\/omarlengerke.com.co\/sitio\/wp-json\/wp\/v2\/posts"}],"about":[{"href":"https:\/\/omarlengerke.com.co\/sitio\/wp-json\/wp\/v2\/types\/post"}],"author":[{"embeddable":true,"href":"https:\/\/omarlengerke.com.co\/sitio\/wp-json\/wp\/v2\/users\/1"}],"replies":[{"embeddable":true,"href":"https:\/\/omarlengerke.com.co\/sitio\/wp-json\/wp\/v2\/comments?post=2023"}],"version-history":[{"count":1,"href":"https:\/\/omarlengerke.com.co\/sitio\/wp-json\/wp\/v2\/posts\/2023\/revisions"}],"predecessor-version":[{"id":2025,"href":"https:\/\/omarlengerke.com.co\/sitio\/wp-json\/wp\/v2\/posts\/2023\/revisions\/2025"}],"wp:featuredmedia":[{"embeddable":true,"href":"https:\/\/omarlengerke.com.co\/sitio\/wp-json\/wp\/v2\/media\/2024"}],"wp:attachment":[{"href":"https:\/\/omarlengerke.com.co\/sitio\/wp-json\/wp\/v2\/media?parent=2023"}],"wp:term":[{"taxonomy":"category","embeddable":true,"href":"https:\/\/omarlengerke.com.co\/sitio\/wp-json\/wp\/v2\/categories?post=2023"},{"taxonomy":"post_tag","embeddable":true,"href":"https:\/\/omarlengerke.com.co\/sitio\/wp-json\/wp\/v2\/tags?post=2023"}],"curies":[{"name":"wp","href":"https:\/\/api.w.org\/{rel}","templated":true}]}}