{"id":2042,"date":"2024-05-19T16:14:04","date_gmt":"2024-05-19T21:14:04","guid":{"rendered":"https:\/\/omarlengerke.com.co\/sitio\/?p=2042"},"modified":"2024-10-23T16:16:46","modified_gmt":"2024-10-23T21:16:46","slug":"los-beneficios-que-trae-la-educacion-gratuita","status":"publish","type":"post","link":"https:\/\/omarlengerke.com.co\/sitio\/los-beneficios-que-trae-la-educacion-gratuita\/","title":{"rendered":"LOS BENEFICIOS QUE TRAE LA EDUCACI\u00d3N GRATUITA"},"content":{"rendered":"<p style=\"text-align: justify;\">El a\u00f1o 2024 trajo buenas noticias para las Unidades Tecnol\u00f3gicas de Santander (UTS). Ello obedece a que, gracias a nuestra gesti\u00f3n institucional, el Gobierno Nacional puso sus ojos en este plantel educativo -entre otros- para garantizar y ampliar su pol\u00edtica de gratuidad a un n\u00famero cada vez mayor de alumnos.<\/p>\n<p style=\"text-align: justify;\">En el caso que nos ocupa, la gratuidad en la educaci\u00f3n tecnol\u00f3gica adquiere relevancia porque es la oportunidad dorada para personas que antes no pod\u00edan tener acceso a una formaci\u00f3n de calidad y sin l\u00edmite de edad, gracias al decreto 2271 expedido el 29 de diciembre de 2023 por el Ministerio de Educaci\u00f3n Nacional (MEN).<\/p>\n<p style=\"text-align: justify;\">Ahora bien, quiero brindar claridad en que lo gratuito no est\u00e1 ligado a deficiencias en la calidad o bajo nivel acad\u00e9mico. Por el contrario, conviene saber que el 98 por ciento de los estudiantes de las UTS comparte la gratuidad, as\u00ed que nadie se puede sentir discriminado.<\/p>\n<p style=\"text-align: justify;\">Es m\u00e1s, nuestros esfuerzos se siguen encaminando a ser cada d\u00eda mejores en el cumplimiento de nuestra misi\u00f3n como educadores, esforz\u00e1ndonos en crear y dotar nuevos laboratorios, capacitar mejor a los docentes e incrementar el n\u00famero de aulas.<\/p>\n<p style=\"text-align: justify;\">Dentro de este prop\u00f3sito brilla con luz propia la nueva sede de las UTS en Piedecuesta, inaugurada el 28 de noviembre del a\u00f1o pasado, en la v\u00eda hacia Guatiguar\u00e1.<\/p>\n<p style=\"text-align: justify;\">La gratuidad consiste b\u00e1sicamente en el cubrimiento del valor de la matr\u00edcula ordinaria para los estudiantes del nivel tecnol\u00f3gico o profesional, dentro de las instituciones de educaci\u00f3n superior p\u00fablicas. Tan solo para el pr\u00f3ximo periodo acad\u00e9mico, hablamos de 6.000 nuevos estudiantes que se ver\u00e1n beneficiados.<\/p>\n<p style=\"text-align: justify;\">La educaci\u00f3n gratuita debe entenderse entonces, como un privilegio que de ning\u00fan modo se debe despreciar, menos en un contexto global de crisis, donde los altos costos de las matr\u00edculas est\u00e1n ligados a altas cifras de deserci\u00f3n escolar. Por este motivo es mi obligaci\u00f3n invitar a la reflexi\u00f3n a los nuevos alumnos, para que la carrera que escojan sea pensada en forma concienzuda.<\/p>\n<p style=\"text-align: justify;\">Una educaci\u00f3n gratuita significa a su vez para el estudiante un crecimiento en lo personal y en lo econ\u00f3mico, pues al t\u00e9rmino de los estudios, el graduado podr\u00e1 conseguir un empleo m\u00e1s digno, acorde con la formaci\u00f3n acad\u00e9mica y\/o tecnol\u00f3gica adquirida.<\/p>\n<p style=\"text-align: justify;\">De otro lado, no se puede olvidar que una amplia pol\u00edtica de gratuidad educativa incide de manera positiva en el desarrollo econ\u00f3mico y social del pa\u00eds, pues contribuye a disminuir las desigualdades y a propiciar mejores posibilidades de ingresos para toda la poblaci\u00f3n.<\/p>\n<p style=\"text-align: justify;\">\nCon afecto,<\/p>\n<p>Dr. Sc. Omar Lengerke P\u00e9rez<br \/>\nRector<\/p>\n","protected":false},"excerpt":{"rendered":"<p>El a\u00f1o 2024 trajo buenas noticias para las Unidades Tecnol\u00f3gicas de Santander (UTS). Ello obedece a que, gracias a nuestra gesti\u00f3n institucional, el Gobierno Nacional puso sus ojos en este plantel educativo -entre otros- para garantizar y ampliar su pol\u00edtica de gratuidad a un n\u00famero cada vez mayor de alumnos. En [&hellip;]<\/p>\n","protected":false},"author":1,"featured_media":2043,"comment_status":"closed","ping_status":"closed","sticky":false,"template":"","format":"image","meta":{"om_disable_all_campaigns":false,"_monsterinsights_skip_tracking":false,"_monsterinsights_sitenote_active":false,"_monsterinsights_sitenote_note":"","_monsterinsights_sitenote_category":0,"footnotes":""},"categories":[2],"tags":[],"class_list":["post-2042","post","type-post","status-publish","format-image","has-post-thumbnail","hentry","category-educacion","post_format-post-format-image"],"aioseo_notices":[],"_links":{"self":[{"href":"https:\/\/omarlengerke.com.co\/sitio\/wp-json\/wp\/v2\/posts\/2042","targetHints":{"allow":["GET"]}}],"collection":[{"href":"https:\/\/omarlengerke.com.co\/sitio\/wp-json\/wp\/v2\/posts"}],"about":[{"href":"https:\/\/omarlengerke.com.co\/sitio\/wp-json\/wp\/v2\/types\/post"}],"author":[{"embeddable":true,"href":"https:\/\/omarlengerke.com.co\/sitio\/wp-json\/wp\/v2\/users\/1"}],"replies":[{"embeddable":true,"href":"https:\/\/omarlengerke.com.co\/sitio\/wp-json\/wp\/v2\/comments?post=2042"}],"version-history":[{"count":1,"href":"https:\/\/omarlengerke.com.co\/sitio\/wp-json\/wp\/v2\/posts\/2042\/revisions"}],"predecessor-version":[{"id":2044,"href":"https:\/\/omarlengerke.com.co\/sitio\/wp-json\/wp\/v2\/posts\/2042\/revisions\/2044"}],"wp:featuredmedia":[{"embeddable":true,"href":"https:\/\/omarlengerke.com.co\/sitio\/wp-json\/wp\/v2\/media\/2043"}],"wp:attachment":[{"href":"https:\/\/omarlengerke.com.co\/sitio\/wp-json\/wp\/v2\/media?parent=2042"}],"wp:term":[{"taxonomy":"category","embeddable":true,"href":"https:\/\/omarlengerke.com.co\/sitio\/wp-json\/wp\/v2\/categories?post=2042"},{"taxonomy":"post_tag","embeddable":true,"href":"https:\/\/omarlengerke.com.co\/sitio\/wp-json\/wp\/v2\/tags?post=2042"}],"curies":[{"name":"wp","href":"https:\/\/api.w.org\/{rel}","templated":true}]}}