{"id":225,"date":"2020-05-20T08:34:00","date_gmt":"2020-05-20T13:34:00","guid":{"rendered":"http:\/\/localhost\/finance\/?p=225"},"modified":"2022-09-14T16:05:23","modified_gmt":"2022-09-14T21:05:23","slug":"la-educacion-es-nuestra-proteccion","status":"publish","type":"post","link":"https:\/\/omarlengerke.com.co\/sitio\/la-educacion-es-nuestra-proteccion\/","title":{"rendered":"LA EDUCACI\u00d3N ES NUESTRA PROTECCI\u00d3N"},"content":{"rendered":"<p style=\"text-align: justify;\">Apreciada comunidad Ute\u00edsta: En medio de lo dif\u00edcil que ha sido para todos sobrellevar el aislamiento, y en nuestro caso como educadores, el cambio ha sido abrupto porque tuvimos que adaptar de una manera intensiva el modelo de formaci\u00f3n presencial a la ense\u00f1anza mediada por las TIC, una decisi\u00f3n que logr\u00f3 que cerca de nueve millones de estudiantes en el pa\u00eds hayan seguido construyendo su proyecto de vida.<\/p>\n<p style=\"text-align: justify;\">En las UTS, es alentador ver a nuestra comunidad dispuesta a enfrentar esta situaci\u00f3n, primero qued\u00e1ndose en casa para preservar su salud y la de sus familias, y segundo es admirable c\u00f3mo la gran mayor\u00eda se han adaptado de manera r\u00e1pida al cambio para seguir trabajando o estudiando con ayuda de las tecnolog\u00edas de la informaci\u00f3n y las comunicaciones.<\/p>\n<p style=\"text-align: justify;\">En ese sentido, como la educaci\u00f3n asistida con la tecnolog\u00eda tambi\u00e9n ha cambiado muchos de sus paradigmas, es necesario que desde los gobiernos se logren crear pol\u00edticas de equidad para que los docentes aprendan m\u00e9todos pedag\u00f3gicos en ambientes virtuales y los estudiantes de escasos recursos tengan subsidios para obtener servicio de internet y facilidad en adquirir equipos de c\u00f3mputo.<\/p>\n<p style=\"text-align: justify;\">De nada servir\u00e1n los esfuerzos que estamos haciendo desde las Instituciones de Educaci\u00f3n Superior sino se hacen estas inversiones, porque lo que hoy vivimos nos tiene que dejar una gran lecci\u00f3n: se necesita asumir los procesos de ense\u00f1anza y aprendizaje con m\u00e1s creatividad, innovaci\u00f3n y solidaridad para ayudar a esta humanidad a lograr un verdadero cambio.<\/p>\n<p style=\"text-align: justify;\"><strong>Por<\/strong>: Prof. Dr. Sc. Omar Lengerke P\u00e9rez<!--more--><\/p>\n","protected":false},"excerpt":{"rendered":"<p>Apreciada comunidad Ute\u00edsta: En medio de lo dif\u00edcil que ha sido para todos sobrellevar el aislamiento, y en nuestro caso como educadores, el cambio ha sido abrupto porque tuvimos que adaptar de una manera intensiva el modelo de formaci\u00f3n presencial a la ense\u00f1anza mediada por las TIC, una decisi\u00f3n que logr\u00f3 [&hellip;]<\/p>\n","protected":false},"author":1,"featured_media":1711,"comment_status":"closed","ping_status":"closed","sticky":false,"template":"","format":"image","meta":{"om_disable_all_campaigns":false,"_monsterinsights_skip_tracking":false,"_monsterinsights_sitenote_active":false,"_monsterinsights_sitenote_note":"","_monsterinsights_sitenote_category":0,"footnotes":""},"categories":[2],"tags":[],"class_list":["post-225","post","type-post","status-publish","format-image","has-post-thumbnail","hentry","category-educacion","post_format-post-format-image"],"aioseo_notices":[],"_links":{"self":[{"href":"https:\/\/omarlengerke.com.co\/sitio\/wp-json\/wp\/v2\/posts\/225","targetHints":{"allow":["GET"]}}],"collection":[{"href":"https:\/\/omarlengerke.com.co\/sitio\/wp-json\/wp\/v2\/posts"}],"about":[{"href":"https:\/\/omarlengerke.com.co\/sitio\/wp-json\/wp\/v2\/types\/post"}],"author":[{"embeddable":true,"href":"https:\/\/omarlengerke.com.co\/sitio\/wp-json\/wp\/v2\/users\/1"}],"replies":[{"embeddable":true,"href":"https:\/\/omarlengerke.com.co\/sitio\/wp-json\/wp\/v2\/comments?post=225"}],"version-history":[{"count":3,"href":"https:\/\/omarlengerke.com.co\/sitio\/wp-json\/wp\/v2\/posts\/225\/revisions"}],"predecessor-version":[{"id":1715,"href":"https:\/\/omarlengerke.com.co\/sitio\/wp-json\/wp\/v2\/posts\/225\/revisions\/1715"}],"wp:featuredmedia":[{"embeddable":true,"href":"https:\/\/omarlengerke.com.co\/sitio\/wp-json\/wp\/v2\/media\/1711"}],"wp:attachment":[{"href":"https:\/\/omarlengerke.com.co\/sitio\/wp-json\/wp\/v2\/media?parent=225"}],"wp:term":[{"taxonomy":"category","embeddable":true,"href":"https:\/\/omarlengerke.com.co\/sitio\/wp-json\/wp\/v2\/categories?post=225"},{"taxonomy":"post_tag","embeddable":true,"href":"https:\/\/omarlengerke.com.co\/sitio\/wp-json\/wp\/v2\/tags?post=225"}],"curies":[{"name":"wp","href":"https:\/\/api.w.org\/{rel}","templated":true}]}}